{"id":53210,"count":1,"description":"","link":"https:\/\/visionpeninsular.com\/mid\/tag\/parte-las-politicas-publicas-de-cuidado-y-proteccon-de-las-mujeres\/","name":"parte las pol\u00edticas p\u00fablicas de cuidado y protecc\u00f3n de las mujeres","slug":"parte-las-politicas-publicas-de-cuidado-y-proteccon-de-las-mujeres","taxonomy":"post_tag","meta":[],"_links":{"self":[{"href":"https:\/\/visionpeninsular.com\/mid\/wp-json\/wp\/v2\/tags\/53210"}],"collection":[{"href":"https:\/\/visionpeninsular.com\/mid\/wp-json\/wp\/v2\/tags"}],"about":[{"href":"https:\/\/visionpeninsular.com\/mid\/wp-json\/wp\/v2\/taxonomies\/post_tag"}],"wp:post_type":[{"href":"https:\/\/visionpeninsular.com\/mid\/wp-json\/wp\/v2\/posts?tags=53210"}],"curies":[{"name":"wp","href":"https:\/\/api.w.org\/{rel}","templated":true}]}}