{"id":47301,"count":1,"description":"","link":"https:\/\/visionpeninsular.com\/mid\/tag\/queda-en-prision-sujeto-que-atropello-qa-una-familia-en-mulchechen\/","name":"queda en prisi\u00f3n sujeto que atropell\u00f3 qa una familia en Mulchech\u00e9n","slug":"queda-en-prision-sujeto-que-atropello-qa-una-familia-en-mulchechen","taxonomy":"post_tag","meta":[],"_links":{"self":[{"href":"https:\/\/visionpeninsular.com\/mid\/wp-json\/wp\/v2\/tags\/47301"}],"collection":[{"href":"https:\/\/visionpeninsular.com\/mid\/wp-json\/wp\/v2\/tags"}],"about":[{"href":"https:\/\/visionpeninsular.com\/mid\/wp-json\/wp\/v2\/taxonomies\/post_tag"}],"wp:post_type":[{"href":"https:\/\/visionpeninsular.com\/mid\/wp-json\/wp\/v2\/posts?tags=47301"}],"curies":[{"name":"wp","href":"https:\/\/api.w.org\/{rel}","templated":true}]}}