{"id":45177,"count":1,"description":"","link":"https:\/\/visionpeninsular.com\/mid\/tag\/merida-a-la-cabeza-de-ocupacion-hotelera-en-yucatan\/","name":"M\u00e9rida a la cabeza de ocupaci\u00f3n hotelera en Yucat\u00e1n","slug":"merida-a-la-cabeza-de-ocupacion-hotelera-en-yucatan","taxonomy":"post_tag","meta":[],"_links":{"self":[{"href":"https:\/\/visionpeninsular.com\/mid\/wp-json\/wp\/v2\/tags\/45177"}],"collection":[{"href":"https:\/\/visionpeninsular.com\/mid\/wp-json\/wp\/v2\/tags"}],"about":[{"href":"https:\/\/visionpeninsular.com\/mid\/wp-json\/wp\/v2\/taxonomies\/post_tag"}],"wp:post_type":[{"href":"https:\/\/visionpeninsular.com\/mid\/wp-json\/wp\/v2\/posts?tags=45177"}],"curies":[{"name":"wp","href":"https:\/\/api.w.org\/{rel}","templated":true}]}}