{"id":43310,"count":1,"description":"","link":"https:\/\/visionpeninsular.com\/mid\/tag\/azotara-yucatan-la-madrugada-del-viernes-o-viernes-por-la-manana\/","name":"azotar\u00e1 Yucat\u00e1n la madrugada del viernes o viernes por la ma\u00f1ana","slug":"azotara-yucatan-la-madrugada-del-viernes-o-viernes-por-la-manana","taxonomy":"post_tag","meta":[],"_links":{"self":[{"href":"https:\/\/visionpeninsular.com\/mid\/wp-json\/wp\/v2\/tags\/43310"}],"collection":[{"href":"https:\/\/visionpeninsular.com\/mid\/wp-json\/wp\/v2\/tags"}],"about":[{"href":"https:\/\/visionpeninsular.com\/mid\/wp-json\/wp\/v2\/taxonomies\/post_tag"}],"wp:post_type":[{"href":"https:\/\/visionpeninsular.com\/mid\/wp-json\/wp\/v2\/posts?tags=43310"}],"curies":[{"name":"wp","href":"https:\/\/api.w.org\/{rel}","templated":true}]}}