{"id":42249,"count":1,"description":"","link":"https:\/\/visionpeninsular.com\/mid\/tag\/defensoria-publica-electoral-especializada-en-la-atencion-de-asuntos-de-violencia-politica-en-razon-de-genero\/","name":"Defensor\u00eda P\u00fablica Electoral Especializada en la Atenci\u00f3n de Asuntos de Violencia Pol\u00edtica en Raz\u00f3n de G\u00e9nero","slug":"defensoria-publica-electoral-especializada-en-la-atencion-de-asuntos-de-violencia-politica-en-razon-de-genero","taxonomy":"post_tag","meta":[],"_links":{"self":[{"href":"https:\/\/visionpeninsular.com\/mid\/wp-json\/wp\/v2\/tags\/42249"}],"collection":[{"href":"https:\/\/visionpeninsular.com\/mid\/wp-json\/wp\/v2\/tags"}],"about":[{"href":"https:\/\/visionpeninsular.com\/mid\/wp-json\/wp\/v2\/taxonomies\/post_tag"}],"wp:post_type":[{"href":"https:\/\/visionpeninsular.com\/mid\/wp-json\/wp\/v2\/posts?tags=42249"}],"curies":[{"name":"wp","href":"https:\/\/api.w.org\/{rel}","templated":true}]}}