{"id":42243,"count":1,"description":"","link":"https:\/\/visionpeninsular.com\/mid\/tag\/situacion-critica-por-flta-de-presupuesto-aportado-por-la-federacion\/","name":"situaci\u00f3n cr\u00edtica por flta de presupuesto aportado por la federaci\u00f3n","slug":"situacion-critica-por-flta-de-presupuesto-aportado-por-la-federacion","taxonomy":"post_tag","meta":[],"_links":{"self":[{"href":"https:\/\/visionpeninsular.com\/mid\/wp-json\/wp\/v2\/tags\/42243"}],"collection":[{"href":"https:\/\/visionpeninsular.com\/mid\/wp-json\/wp\/v2\/tags"}],"about":[{"href":"https:\/\/visionpeninsular.com\/mid\/wp-json\/wp\/v2\/taxonomies\/post_tag"}],"wp:post_type":[{"href":"https:\/\/visionpeninsular.com\/mid\/wp-json\/wp\/v2\/posts?tags=42243"}],"curies":[{"name":"wp","href":"https:\/\/api.w.org\/{rel}","templated":true}]}}