{"id":40561,"count":1,"description":"","link":"https:\/\/visionpeninsular.com\/mid\/tag\/llergara-a-yucatan-la-proxima-semana\/","name":"llergar\u00e1 a Yucat\u00e1n la pr\u00f3xima semana","slug":"llergara-a-yucatan-la-proxima-semana","taxonomy":"post_tag","meta":[],"_links":{"self":[{"href":"https:\/\/visionpeninsular.com\/mid\/wp-json\/wp\/v2\/tags\/40561"}],"collection":[{"href":"https:\/\/visionpeninsular.com\/mid\/wp-json\/wp\/v2\/tags"}],"about":[{"href":"https:\/\/visionpeninsular.com\/mid\/wp-json\/wp\/v2\/taxonomies\/post_tag"}],"wp:post_type":[{"href":"https:\/\/visionpeninsular.com\/mid\/wp-json\/wp\/v2\/posts?tags=40561"}],"curies":[{"name":"wp","href":"https:\/\/api.w.org\/{rel}","templated":true}]}}