{"id":28612,"count":1,"description":"","link":"https:\/\/visionpeninsular.com\/mid\/tag\/aumenta-elnumerode-victimas-en-yucatan\/","name":"aumenta eln\u00famerode v\u00edctimas en Yucat\u00e1n","slug":"aumenta-elnumerode-victimas-en-yucatan","taxonomy":"post_tag","meta":[],"_links":{"self":[{"href":"https:\/\/visionpeninsular.com\/mid\/wp-json\/wp\/v2\/tags\/28612"}],"collection":[{"href":"https:\/\/visionpeninsular.com\/mid\/wp-json\/wp\/v2\/tags"}],"about":[{"href":"https:\/\/visionpeninsular.com\/mid\/wp-json\/wp\/v2\/taxonomies\/post_tag"}],"wp:post_type":[{"href":"https:\/\/visionpeninsular.com\/mid\/wp-json\/wp\/v2\/posts?tags=28612"}],"curies":[{"name":"wp","href":"https:\/\/api.w.org\/{rel}","templated":true}]}}