{"id":27823,"count":1,"description":"","link":"https:\/\/visionpeninsular.com\/mid\/tag\/avance-en-politicas-publicas-de-inclusion\/","name":"avance en pol\u00edticas p\u00fablicas de inclusi\u00f3n","slug":"avance-en-politicas-publicas-de-inclusion","taxonomy":"post_tag","meta":[],"_links":{"self":[{"href":"https:\/\/visionpeninsular.com\/mid\/wp-json\/wp\/v2\/tags\/27823"}],"collection":[{"href":"https:\/\/visionpeninsular.com\/mid\/wp-json\/wp\/v2\/tags"}],"about":[{"href":"https:\/\/visionpeninsular.com\/mid\/wp-json\/wp\/v2\/taxonomies\/post_tag"}],"wp:post_type":[{"href":"https:\/\/visionpeninsular.com\/mid\/wp-json\/wp\/v2\/posts?tags=27823"}],"curies":[{"name":"wp","href":"https:\/\/api.w.org\/{rel}","templated":true}]}}