{"id":27400,"count":1,"description":"","link":"https:\/\/visionpeninsular.com\/mid\/tag\/modulos-de-vacunacion-cerraran-el-sabado-a-mediodia\/","name":"m\u00f3dulos de vacunaci\u00f3n cerraran el s\u00e1bado a mediod\u00eda","slug":"modulos-de-vacunacion-cerraran-el-sabado-a-mediodia","taxonomy":"post_tag","meta":[],"_links":{"self":[{"href":"https:\/\/visionpeninsular.com\/mid\/wp-json\/wp\/v2\/tags\/27400"}],"collection":[{"href":"https:\/\/visionpeninsular.com\/mid\/wp-json\/wp\/v2\/tags"}],"about":[{"href":"https:\/\/visionpeninsular.com\/mid\/wp-json\/wp\/v2\/taxonomies\/post_tag"}],"wp:post_type":[{"href":"https:\/\/visionpeninsular.com\/mid\/wp-json\/wp\/v2\/posts?tags=27400"}],"curies":[{"name":"wp","href":"https:\/\/api.w.org\/{rel}","templated":true}]}}