{"id":25700,"count":1,"description":"","link":"https:\/\/visionpeninsular.com\/mid\/tag\/regresaran-los-frentes-frios-a-la-peninsula-en-febrero\/","name":"regresar\u00e1n los frentes fr\u00edos a la Pen\u00ednsula en febrero","slug":"regresaran-los-frentes-frios-a-la-peninsula-en-febrero","taxonomy":"post_tag","meta":[],"_links":{"self":[{"href":"https:\/\/visionpeninsular.com\/mid\/wp-json\/wp\/v2\/tags\/25700"}],"collection":[{"href":"https:\/\/visionpeninsular.com\/mid\/wp-json\/wp\/v2\/tags"}],"about":[{"href":"https:\/\/visionpeninsular.com\/mid\/wp-json\/wp\/v2\/taxonomies\/post_tag"}],"wp:post_type":[{"href":"https:\/\/visionpeninsular.com\/mid\/wp-json\/wp\/v2\/posts?tags=25700"}],"curies":[{"name":"wp","href":"https:\/\/api.w.org\/{rel}","templated":true}]}}