{"id":25524,"count":1,"description":"","link":"https:\/\/visionpeninsular.com\/mid\/tag\/interes-de-yucatecos-en-la-informacion-publica\/","name":"inter\u00e9s de yucatecos en la informaci\u00f3n p\u00fablica","slug":"interes-de-yucatecos-en-la-informacion-publica","taxonomy":"post_tag","meta":[],"_links":{"self":[{"href":"https:\/\/visionpeninsular.com\/mid\/wp-json\/wp\/v2\/tags\/25524"}],"collection":[{"href":"https:\/\/visionpeninsular.com\/mid\/wp-json\/wp\/v2\/tags"}],"about":[{"href":"https:\/\/visionpeninsular.com\/mid\/wp-json\/wp\/v2\/taxonomies\/post_tag"}],"wp:post_type":[{"href":"https:\/\/visionpeninsular.com\/mid\/wp-json\/wp\/v2\/posts?tags=25524"}],"curies":[{"name":"wp","href":"https:\/\/api.w.org\/{rel}","templated":true}]}}