{"id":24441,"count":1,"description":"","link":"https:\/\/visionpeninsular.com\/mid\/tag\/nueva-depresion-tropical-en-el-caribe-traera-lluvias-a-yucatan\/","name":"nueva depresi\u00f3n tropical en el Caribe traer\u00e1 lluvias a Yucat\u00e1n","slug":"nueva-depresion-tropical-en-el-caribe-traera-lluvias-a-yucatan","taxonomy":"post_tag","meta":[],"_links":{"self":[{"href":"https:\/\/visionpeninsular.com\/mid\/wp-json\/wp\/v2\/tags\/24441"}],"collection":[{"href":"https:\/\/visionpeninsular.com\/mid\/wp-json\/wp\/v2\/tags"}],"about":[{"href":"https:\/\/visionpeninsular.com\/mid\/wp-json\/wp\/v2\/taxonomies\/post_tag"}],"wp:post_type":[{"href":"https:\/\/visionpeninsular.com\/mid\/wp-json\/wp\/v2\/posts?tags=24441"}],"curies":[{"name":"wp","href":"https:\/\/api.w.org\/{rel}","templated":true}]}}