{"id":23246,"count":1,"description":"","link":"https:\/\/visionpeninsular.com\/mid\/tag\/no-pago-pension-alimenticia-por-13-anos\/","name":"no pag\u00f3 pensi\u00f3n alimenticia por 13 a\u00f1os","slug":"no-pago-pension-alimenticia-por-13-anos","taxonomy":"post_tag","meta":[],"_links":{"self":[{"href":"https:\/\/visionpeninsular.com\/mid\/wp-json\/wp\/v2\/tags\/23246"}],"collection":[{"href":"https:\/\/visionpeninsular.com\/mid\/wp-json\/wp\/v2\/tags"}],"about":[{"href":"https:\/\/visionpeninsular.com\/mid\/wp-json\/wp\/v2\/taxonomies\/post_tag"}],"wp:post_type":[{"href":"https:\/\/visionpeninsular.com\/mid\/wp-json\/wp\/v2\/posts?tags=23246"}],"curies":[{"name":"wp","href":"https:\/\/api.w.org\/{rel}","templated":true}]}}