{"id":13211,"count":1,"description":"","link":"https:\/\/visionpeninsular.com\/mid\/tag\/centenario-de-la-constitucion-politica-de-yucatan\/","name":"Centenario de la Constituci\u00f3n Pol\u00edtica de Yucat\u00e1n","slug":"centenario-de-la-constitucion-politica-de-yucatan","taxonomy":"post_tag","meta":[],"_links":{"self":[{"href":"https:\/\/visionpeninsular.com\/mid\/wp-json\/wp\/v2\/tags\/13211"}],"collection":[{"href":"https:\/\/visionpeninsular.com\/mid\/wp-json\/wp\/v2\/tags"}],"about":[{"href":"https:\/\/visionpeninsular.com\/mid\/wp-json\/wp\/v2\/taxonomies\/post_tag"}],"wp:post_type":[{"href":"https:\/\/visionpeninsular.com\/mid\/wp-json\/wp\/v2\/posts?tags=13211"}],"curies":[{"name":"wp","href":"https:\/\/api.w.org\/{rel}","templated":true}]}}