{"id":99535,"date":"2019-09-12T20:29:28","date_gmt":"2019-09-13T01:29:28","guid":{"rendered":"http:\/\/visionpeninsular.com\/mid\/?p=99535"},"modified":"2019-09-12T20:29:54","modified_gmt":"2019-09-13T01:29:54","slug":"renan-barrera-anuncia-la-feria-internacional-del-libro-infantil-y-juvenil-por-primera-vez-sera-fuera-de-cdmx","status":"publish","type":"post","link":"https:\/\/visionpeninsular.com\/mid\/renan-barrera-anuncia-la-feria-internacional-del-libro-infantil-y-juvenil-por-primera-vez-sera-fuera-de-cdmx\/","title":{"rendered":"Ren\u00e1n Barrera anuncia la Feria Internacional del Libro Infantil y Juvenil; por primera vez  ser\u00e1 fuera de CDMX"},"content":{"rendered":"\n<p><em>Rinden fruto las\ngestiones del concejal ante el Fondo de Cultura Econ\u00f3mica<\/em><\/p>\n\n\n\n<p>De acuerdo con su compromiso de promover la lectura, el\nalcalde Ren\u00e1n Barrera Concha realiz\u00f3 las gestiones pertinentes que permitir\u00e1n\nque M\u00e9rida sea sede de la Feria Internacional del Libro Infantil y Juvenil,\nconvirti\u00e9ndose en la primera ciudad a la que se lleva este evento, que se\nrealiza desde hace 38 a\u00f1os en la capital del pa\u00eds.<\/p>\n\n\n\n<p>En rueda de prensa para dar a conocer detalles del evento,\nque se realizar\u00e1 del 2 al 10 de noviembre en el Parque de la Paz, el Concejal\ndestac\u00f3 la importancia de ser la primera ciudad del pa\u00eds que tendr\u00e1 una feria\ndel libro dedicada a ni\u00f1as, ni\u00f1os y j\u00f3venes.<\/p>\n\n\n\n<p>Se\u00f1al\u00f3 que en la busca de m\u00e1s actividades y apoyos para\npromover la lectura, se reuni\u00f3 con representantes del Fondo de Cultura\nEcon\u00f3mica en la ciudad de M\u00e9xico, ante quienes plante\u00f3 la necesidad de\ndescentralizar las actividades culturales, de manera que no se concentren en la\ncapital del pa\u00eds, sino que lleguen a la provincia.<\/p>\n\n\n\n<p>\u2014Es as\u00ed como conseguimos el apoyo para realizar este evento\n\u2014manifest\u00f3.<\/p>\n\n\n\n<p>Se\u00f1al\u00f3 que en su administraci\u00f3n el compromiso es con la\ncultura y con el bienestar de los ni\u00f1os, ni\u00f1as y j\u00f3venes, visi\u00f3n que se conjuga\nen esta feria lectora.<\/p>\n\n\n\n<p>\u2014Sin duda ser\u00e1 una de las mejores actividades que tendremos\nen M\u00e9rida y buscaremos que se consolide como un evento cultural adicional a\ntodos los que tenemos en la ciudad \u2014puntualiz\u00f3.<\/p>\n\n\n\n<p>Remarc\u00f3 que, adem\u00e1s, la feria es una oportunidad para que\nni\u00f1os y j\u00f3venes exploren otras manifestaciones del arte, como la m\u00fasica, el\nteatro, los t\u00edteres, que se incluir\u00e1n en el amplio programa de actividades.<\/p>\n\n\n\n<p>\u2014Desde el d\u00eda 1 de esta administraci\u00f3n hemos dicho que nos\ndedicaremos a trabajar por los ni\u00f1os y las ni\u00f1as y as\u00ed seguiremos, a fin de\ntener una ciudad que les permita crecer, vivir una vida plena y ser parte de\nuna nueva generaci\u00f3n que aportar\u00e1 su granito de arena para que M\u00e9rida siga\nsiendo un gran lugar en el que se puede disfrutar la cultura \u2014expres\u00f3.<\/p>\n\n\n\n<p>La tarea del Ayuntamiento, se\u00f1al\u00f3, es seguir buscando apoyos\ny presupuestos que permitan realizar acciones para beneficio de los meridanos.<\/p>\n\n\n\n<p>\u2014Esta feria marcar\u00e1 un nuevo cap\u00edtulo en la historia de la\ncultura y de la lectura en nuestra ciudad \u2014asever\u00f3.<\/p>\n\n\n\n<p>En su oportunidad, Rafael Morcillo L\u00f3pez, director de la\nAsociaci\u00f3n Civil \u201cLeer por Placer\u201d, precis\u00f3 que la feria ofrecer\u00e1 m\u00e1s de 400\nactividades, entre talleres, seminarios, encuentros, todos realizados con\nenfoque para ni\u00f1os y j\u00f3venes, de manera que sea una experiencia cultural\ndivertida.<\/p>\n\n\n\n<p>Precis\u00f3 que cuentan con el apoyo de asociaciones p\u00fablicas y\nprivadas, como las editoriales Peque\u00f1a Flor de Loto, Minaya, la Fundaci\u00f3n\nMargarita Robleda, la Universidad de Guadalajara con su programa \u201cLetras para\nvolar\u201d, el programa Alas y Ra\u00edces de la Secretar\u00eda de la Cultura, Ayerac, la\nRed Literaria del Sureste, entre otras.<\/p>\n\n\n\n<p>Asimismo, afirm\u00f3 que participar\u00e1n m\u00e1s de 50 expositores, con\nlibros de 300 sellos editoriales del pa\u00eds y del extranjero.<\/p>\n\n\n\n<p>Anticip\u00f3 que, entre otras cosas, habr\u00e1 un pasillo de la\nhistorieta y la ilustraci\u00f3n, talleres de papiro armable, caricatura,\nhistorietas, presentaci\u00f3n de ilustradores, bazar, espect\u00e1culos de dibujo en\nvivo, talleres de iniciaci\u00f3n a la pintura, entre otras actividades.<\/p>\n\n\n\n<p>Adem\u00e1s, llegar\u00e1n escritores de Alemania, Chile, Lituania y\nM\u00e9xico. La embajadora de la feria ser\u00e1 la escritora, cantante y promotora\nyucateca Margarita Robleda, quien tambi\u00e9n participar\u00e1 en la FILIJJ en la ciudad\nde M\u00e9xico, que se realizar\u00e1 del 8 al 18 de noviembre.<\/p>\n\n\n\n<p>Subray\u00f3 que el invitado de honor de la feria, tanto la de\nM\u00e9rida como la de la Ciudad de M\u00e9xico, ser\u00e1 Corea, que enviar\u00e1 actores,\nescritores y espect\u00e1culos art\u00edsticos.<\/p>\n\n\n\n<p>Tambi\u00e9n dijo que habr\u00e1 visitas escolares, las cuales se\npueden solicitar hasta el 30 de septiembre a trav\u00e9s de las redes sociales de\nLeer por Placer y en el Archivo Hist\u00f3rico.<\/p>\n\n\n\n<p>En su intervenci\u00f3n, el director de Cultura, Irving Berl\u00edn\nVillafa\u00f1a destac\u00f3 la importancia del evento para promocionar la lectura y las\nartes en el Sureste.<\/p>\n\n\n\n<p>\u2014Es un gran logro para M\u00e9rida, que se consigui\u00f3 gracias al\ninter\u00e9s y las gestiones del alcalde Ren\u00e1n Barrera \u2014puntualiz\u00f3.<\/p>\n\n\n\n<p>A la presentaci\u00f3n, que se realiz\u00f3 en el hotel Holiday Inn,\nestuvieron presentes alumnos de primaria de las escuelas Monte L\u00edbano y Agust\u00edn\nFranco Villanueva, as\u00ed como la escritora Celia Pedrero.<\/p>\n\n\n\n<p>En los pr\u00f3ximos d\u00edas se podr\u00e1 consultar el programa completo\nde la feria tanto en las redes sociales del Ayuntamiento de M\u00e9rida como en las\nde Leer por Placer.<\/p>\n\n\n\n<p>Las actividades se realizar\u00e1n en el Parque de La Paz, y la\nEx Penitenciaria Ju\u00e1rez (Foro Alternativo Rub\u00e9n Chac\u00f3n y el Centro Cultural del\nISSSTE).<\/p>\n\n\n\n<p>Parte de las actividades del Ayuntamiento para la promoci\u00f3n\nde la lectura son los talleres de animaci\u00f3n lectora y otras actividades, que se\nrealiza del 17 de julio al 26 de octubre en diferentes sedes de M\u00e9rida y en las\ncomisar\u00edas.<\/p>\n<div class='share-to-whatsapp-wrapper'><div class='share-on-whsp'>Share on: <\/div><a data-text='Ren\u00e1n Barrera anuncia la Feria Internacional del Libro Infantil y Juvenil; por primera vez  ser\u00e1 fuera de CDMX' data-link='https:\/\/visionpeninsular.com\/mid\/renan-barrera-anuncia-la-feria-internacional-del-libro-infantil-y-juvenil-por-primera-vez-sera-fuera-de-cdmx\/' class='whatsapp-button whatsapp-share'>WhatsApp<\/a><div class='clear '><\/div><\/div>","protected":false},"excerpt":{"rendered":"<p>Rinden fruto las gestiones del concejal ante el Fondo de Cultura Econ\u00f3mica De acuerdo con su compromiso de promover la lectura, el alcalde Ren\u00e1n Barrera Concha realiz\u00f3 las gestiones pertinentes que permitir\u00e1n que M\u00e9rida sea sede de la Feria Internacional del Libro Infantil y Juvenil, convirti\u00e9ndose en la primera ciudad a la que se lleva &hellip;<\/p>\n","protected":false},"author":5,"featured_media":99540,"comment_status":"open","ping_status":"open","sticky":false,"template":"","format":"standard","meta":{"_mi_skip_tracking":false},"categories":[49,37],"tags":[41,17471,9122,107,5338],"_links":{"self":[{"href":"https:\/\/visionpeninsular.com\/mid\/wp-json\/wp\/v2\/posts\/99535"}],"collection":[{"href":"https:\/\/visionpeninsular.com\/mid\/wp-json\/wp\/v2\/posts"}],"about":[{"href":"https:\/\/visionpeninsular.com\/mid\/wp-json\/wp\/v2\/types\/post"}],"author":[{"embeddable":true,"href":"https:\/\/visionpeninsular.com\/mid\/wp-json\/wp\/v2\/users\/5"}],"replies":[{"embeddable":true,"href":"https:\/\/visionpeninsular.com\/mid\/wp-json\/wp\/v2\/comments?post=99535"}],"version-history":[{"count":1,"href":"https:\/\/visionpeninsular.com\/mid\/wp-json\/wp\/v2\/posts\/99535\/revisions"}],"predecessor-version":[{"id":99541,"href":"https:\/\/visionpeninsular.com\/mid\/wp-json\/wp\/v2\/posts\/99535\/revisions\/99541"}],"wp:featuredmedia":[{"embeddable":true,"href":"https:\/\/visionpeninsular.com\/mid\/wp-json\/wp\/v2\/media\/99540"}],"wp:attachment":[{"href":"https:\/\/visionpeninsular.com\/mid\/wp-json\/wp\/v2\/media?parent=99535"}],"wp:term":[{"taxonomy":"category","embeddable":true,"href":"https:\/\/visionpeninsular.com\/mid\/wp-json\/wp\/v2\/categories?post=99535"},{"taxonomy":"post_tag","embeddable":true,"href":"https:\/\/visionpeninsular.com\/mid\/wp-json\/wp\/v2\/tags?post=99535"}],"curies":[{"name":"wp","href":"https:\/\/api.w.org\/{rel}","templated":true}]}}