{"id":99026,"date":"2019-09-09T11:52:17","date_gmt":"2019-09-09T16:52:17","guid":{"rendered":"http:\/\/visionpeninsular.com\/mid\/?p=99026"},"modified":"2019-09-09T11:52:30","modified_gmt":"2019-09-09T16:52:30","slug":"los-huracanes-y-la-poetica-de-conchi-leon-emocionan-en-la-temporada-olimpo","status":"publish","type":"post","link":"https:\/\/visionpeninsular.com\/mid\/los-huracanes-y-la-poetica-de-conchi-leon-emocionan-en-la-temporada-olimpo\/","title":{"rendered":"Los \u201churacanes\u201d y la po\u00e9tica de Conchi Le\u00f3n emocionan en la Temporada Olimpo"},"content":{"rendered":"\n<p>En la vida se viven sucesos tan devastadores como los\nhuracanes y esas historias son las que llenaron anoche el Auditorio del Centro\nCultural Olimpo en el estreno de \u201cIndia Maya\u201d, escrita y dirigida por Conchi\nLe\u00f3n.<\/p>\n\n\n\n<figure class=\"wp-block-image\"><img loading=\"lazy\" width=\"600\" height=\"399\" src=\"http:\/\/visionpeninsular.com\/mid\/wp-content\/uploads\/2019\/09\/india-maya-1.png\" alt=\"\" class=\"wp-image-99032\" srcset=\"https:\/\/visionpeninsular.com\/mid\/wp-content\/uploads\/2019\/09\/india-maya-1.png 600w, https:\/\/visionpeninsular.com\/mid\/wp-content\/uploads\/2019\/09\/india-maya-1-300x200.png 300w, https:\/\/visionpeninsular.com\/mid\/wp-content\/uploads\/2019\/09\/india-maya-1-310x205.png 310w\" sizes=\"(max-width: 600px) 100vw, 600px\" \/><\/figure>\n\n\n\n<p>En esta ocasi\u00f3n, la pluma de la dramaturga yucateca se\nrefiri\u00f3 a los huracanes como un desastre natural, el caos y la destrucci\u00f3n que\ndejan a su paso pero tambi\u00e9n a aquellos momentos de la vida que nos hacen\nllorar, como una p\u00e9rdida humana, un mal amor, sentimientos de culpa por no\ncuidar nuestro cuerpo y tener sobre peso, los hijos, la familia y mucho m\u00e1s.<\/p>\n\n\n\n<p>\u201cIndia Maya\u201d vio la luz en el Festival Internacional\nCervantino en Guanajuato el a\u00f1o pasado, edici\u00f3n que fue dedicada a la India.\nAhora Conchi Le\u00f3n la estrena en M\u00e9rida, con apoyo del Fondo Municipal para las\nArtes Esc\u00e9nicas y la M\u00fasica 2019, con un mensaje claro de que ciclos se abren y\ncierran pero todos tenemos la capacidad de volver a empezar.<\/p>\n\n\n\n<figure class=\"wp-block-image\"><img loading=\"lazy\" width=\"600\" height=\"399\" src=\"http:\/\/visionpeninsular.com\/mid\/wp-content\/uploads\/2019\/09\/india-maya-2.png\" alt=\"\" class=\"wp-image-99037\" srcset=\"https:\/\/visionpeninsular.com\/mid\/wp-content\/uploads\/2019\/09\/india-maya-2.png 600w, https:\/\/visionpeninsular.com\/mid\/wp-content\/uploads\/2019\/09\/india-maya-2-300x200.png 300w, https:\/\/visionpeninsular.com\/mid\/wp-content\/uploads\/2019\/09\/india-maya-2-310x205.png 310w\" sizes=\"(max-width: 600px) 100vw, 600px\" \/><\/figure>\n\n\n\n<p>En su noche de estreno, Addy T\u00e9yer, Oswaldo Ferrer, Susy\nEstrada y Zaabdi Hern\u00e1ndez fueron los encargados de contar las historias\nutilizando los huracanes como concepto metaf\u00f3rico como escribi\u00f3 la autora. Bajo\nla luz de velas y l\u00e1mparas el relato comienza con sucesos ocurridos en la\nregi\u00f3n maya y luego pasa a la India, donde el efecto destructor es el mismo.<\/p>\n\n\n\n<p>El mensaje de superaci\u00f3n fue que la destrucci\u00f3n tiene un\nlado bueno pues obliga a cerrar ciclos, levantarse, porque \u201ctodos tenemos\ntiempo de cosechar, de ser semillas y en el futuro, seremos estrellas\u201d.<\/p>\n\n\n\n<p>Un momento emotivo se dio al t\u00e9rmino de la obra cuando los\nactores invitaron a los presentes a subir al escenario, sentarse alrededor de\nuna mandala para dar gracias, cerrar ciclos y volver a empezar.<\/p>\n\n\n\n<p>Junto con la escenograf\u00eda, la m\u00fasica le imprimi\u00f3 un sentido\nde identidad a la puesta en escena gracias al arte de Alejandra Ley. La actriz\ny cantante mexicana conoci\u00f3 a Conchi le\u00f3n en la obra \u201cLa T\u00eda Mariela\u201d. \u201cCuando\nalguien tan talentosa y generosa como es Conchi te invita a sus proyectos no te\npuedes negar, adem\u00e1s no pod\u00eda dejar la oportunidad de venir a una de mis\nciudades favoritas\u201d.<\/p>\n\n\n\n<p>Afirma que las tem\u00e1ticas que maneja Conchi Le\u00f3n en sus\ndramaturgias son fuertes, sin embargo tiene el talento de decir cosas duras y\nprofundas con mucha poes\u00eda que le llegan al espectador.<\/p>\n\n\n\n<p>Para Alejandra fue un honor hacer la m\u00fasica para \u201cIndia\nMaya\u201d, para lo cual se apoy\u00f3 en 10 instrumentos y una pedalera de efectos\nespeciales que imprimen realismo a cada escena. La cantante tiene varios a\u00f1os\nestudiando m\u00fasica y le gustar\u00eda continuar trabajando con la directora yucateca.<\/p>\n\n\n\n<p>Finalmente hizo una invitaci\u00f3n para que quienes asistan a\nlas pr\u00f3ximas funciones de \u201cIndia Maya\u201d traigan una vela para compartir momentos\ncon los actores y subirse al escenario para iniciar una nueva etapa de vida.<\/p>\n\n\n\n<figure class=\"wp-block-image\"><img loading=\"lazy\" width=\"600\" height=\"399\" src=\"http:\/\/visionpeninsular.com\/mid\/wp-content\/uploads\/2019\/09\/india-maya-3.png\" alt=\"\" class=\"wp-image-99042\" srcset=\"https:\/\/visionpeninsular.com\/mid\/wp-content\/uploads\/2019\/09\/india-maya-3.png 600w, https:\/\/visionpeninsular.com\/mid\/wp-content\/uploads\/2019\/09\/india-maya-3-300x200.png 300w, https:\/\/visionpeninsular.com\/mid\/wp-content\/uploads\/2019\/09\/india-maya-3-310x205.png 310w\" sizes=\"(max-width: 600px) 100vw, 600px\" \/><\/figure>\n\n\n\n<p>\u201cIndia Maya\u201d tendr\u00e1 funciones los d\u00edas, 12, 13 y 14 a las\n20:00 horas en el Auditorio del Centro Cultural Olimpo en las que Conchi Le\u00f3n\nalternar\u00e1 en el escenario con Addy T\u00e9yer.&nbsp;\nLa cuota de recuperaci\u00f3n es de $50 entrada general y $25 estudiantes y\nadultos con credencial del Inapam y pueden asistir ni\u00f1os a partir de los 10\na\u00f1os de edad.<\/p>\n\n\n\n<p>La cartelera de actividades de la Temporada Olimpo Cultura\nse puede consultar en www.merida.gob.mx\/eventos<\/p>\n<div class='share-to-whatsapp-wrapper'><div class='share-on-whsp'>Share on: <\/div><a data-text='Los \u201churacanes\u201d y la po\u00e9tica de Conchi Le\u00f3n emocionan en la Temporada Olimpo' data-link='https:\/\/visionpeninsular.com\/mid\/los-huracanes-y-la-poetica-de-conchi-leon-emocionan-en-la-temporada-olimpo\/' class='whatsapp-button whatsapp-share'>WhatsApp<\/a><div class='clear '><\/div><\/div>","protected":false},"excerpt":{"rendered":"<p>En la vida se viven sucesos tan devastadores como los huracanes y esas historias son las que llenaron anoche el Auditorio del Centro Cultural Olimpo en el estreno de \u201cIndia Maya\u201d, escrita y dirigida por Conchi Le\u00f3n. En esta ocasi\u00f3n, la pluma de la dramaturga yucateca se refiri\u00f3 a los huracanes como un desastre natural, &hellip;<\/p>\n","protected":false},"author":5,"featured_media":99031,"comment_status":"open","ping_status":"open","sticky":false,"template":"","format":"standard","meta":{"_mi_skip_tracking":false},"categories":[50,37],"tags":[5801,17410,16397],"_links":{"self":[{"href":"https:\/\/visionpeninsular.com\/mid\/wp-json\/wp\/v2\/posts\/99026"}],"collection":[{"href":"https:\/\/visionpeninsular.com\/mid\/wp-json\/wp\/v2\/posts"}],"about":[{"href":"https:\/\/visionpeninsular.com\/mid\/wp-json\/wp\/v2\/types\/post"}],"author":[{"embeddable":true,"href":"https:\/\/visionpeninsular.com\/mid\/wp-json\/wp\/v2\/users\/5"}],"replies":[{"embeddable":true,"href":"https:\/\/visionpeninsular.com\/mid\/wp-json\/wp\/v2\/comments?post=99026"}],"version-history":[{"count":1,"href":"https:\/\/visionpeninsular.com\/mid\/wp-json\/wp\/v2\/posts\/99026\/revisions"}],"predecessor-version":[{"id":99043,"href":"https:\/\/visionpeninsular.com\/mid\/wp-json\/wp\/v2\/posts\/99026\/revisions\/99043"}],"wp:featuredmedia":[{"embeddable":true,"href":"https:\/\/visionpeninsular.com\/mid\/wp-json\/wp\/v2\/media\/99031"}],"wp:attachment":[{"href":"https:\/\/visionpeninsular.com\/mid\/wp-json\/wp\/v2\/media?parent=99026"}],"wp:term":[{"taxonomy":"category","embeddable":true,"href":"https:\/\/visionpeninsular.com\/mid\/wp-json\/wp\/v2\/categories?post=99026"},{"taxonomy":"post_tag","embeddable":true,"href":"https:\/\/visionpeninsular.com\/mid\/wp-json\/wp\/v2\/tags?post=99026"}],"curies":[{"name":"wp","href":"https:\/\/api.w.org\/{rel}","templated":true}]}}