{"id":96066,"date":"2019-08-15T12:49:06","date_gmt":"2019-08-15T17:49:06","guid":{"rendered":"http:\/\/visionpeninsular.com\/mid\/?p=96066"},"modified":"2019-08-15T12:49:27","modified_gmt":"2019-08-15T17:49:27","slug":"inauguran-la-decima-edicion-de-la-expo-adulto-mayor","status":"publish","type":"post","link":"https:\/\/visionpeninsular.com\/mid\/inauguran-la-decima-edicion-de-la-expo-adulto-mayor\/","title":{"rendered":"Inauguran la d\u00e9cima edici\u00f3n de la Expo Adulto Mayor"},"content":{"rendered":"\n<p>Destacan la importancia de garantizar el ejercicio de los\nderechos de este sector a fin de mejorar su calidad de vida y propiciar su\nplena integraci\u00f3n al desarrollo social y cultural.<\/p>\n\n\n\n<p>Con el fin de brindar a las mujeres y hombres en edad\nsenescente del estado un espacio con una amplia diversidad de oportunidades y\nbeneficios en atenci\u00f3n a sus necesidades, bajo un esquema de participaci\u00f3n e\ninclusi\u00f3n social, se inaugur\u00f3 la d\u00e9cima edici\u00f3n de la Expo Adulto Mayor 2019.<\/p>\n\n\n\n<p>En este marco, la titular de la Secretar\u00eda General de\nGobierno (SGG), Mar\u00eda Fritz Sierra, destac\u00f3 la importancia de garantizar el\nejercicio de los derechos de este sector a fin de mejorar su calidad de vida y\npropiciar su plena integraci\u00f3n al desarrollo social y cultural, tal y como lo\nha instruido el Gobernador Mauricio Vila Dosal.<\/p>\n\n\n\n<p>Acompa\u00f1ada del se\u00f1or Jos\u00e9 Romualdo S\u00e1nchez Garc\u00eda, uno de\nlos beneficiarios del programa integral de atenci\u00f3n al adulto mayor, la\nfuncionaria subray\u00f3 la importancia de cuidar la salud y contar con espacios\npara la distracci\u00f3n y el entretenimiento, as\u00ed como el acceso a empleo con una\nremuneraci\u00f3n digna que les permita obtener ingresos y seguir aportando sus\nconocimientos y experiencia a nuestra sociedad.<\/p>\n\n\n\n<p>Desde el Gobierno del Estado estamos construyendo un\npanorama favorable que contribuya a impulsar nuevas fuentes de empleo. Con ese\nprop\u00f3sito, estamos en constante di\u00e1logo con el sector privado y trabajando de\nmanera conjunta con los distintos \u00f3rdenes de Gobierno, puntualiz\u00f3 Fritz Sierra\nante la directora General del Sistema para el Desarrollo Integral de la Familia\n(DIF) Yucat\u00e1n, Mar\u00eda Cristina Castillo Espinosa.<\/p>\n\n\n\n<p>En ese sentido, la titular del organismo de asistencia\nsocial enfatiz\u00f3 que otro de los objetivos de esta Expo es derribar prejuicios e\nideas equivocadas de lo que debe ser la tercera edad y la vida en plenitud.<\/p>\n\n\n\n<p>El evento, adem\u00e1s de acercar y dar a conocer servicios y\nprogramas de las dependencias, empresas y organizaciones invitadas, busca\nconstituirse como un verdadero espacio de inclusi\u00f3n que ofrezca oportunidades\nque van desde lo creativo hasta lo profesional, explic\u00f3.<\/p>\n\n\n\n<p>Coment\u00f3 que la tercera edad no debe ni tiene por qu\u00e9\nconsiderarse una limitante para seguir cumpliendo sue\u00f1os y ser productivos, de\nah\u00ed la relevancia de que a trav\u00e9s de este Sistema se promueva este bienestar y\ndesarrollo de las y los adultos en todos los municipios de la entidad.<\/p>\n\n\n\n<p>Por su parte, la directora del Servicio Nacional de Empleo,\nYucat\u00e1n (SNEY), Ira\u00eds Bar\u00f3n Zerme\u00f1o, a\u00f1adi\u00f3 que, mediante la estrategia\nAbriendo Espacios, se pone a su disposici\u00f3n el m\u00f3dulo de Bolsa de Trabajo\nEspecializada para atender directamente a personas de la tercera edad que est\u00e1n\nen busca de una plaza, donde son canalizados al Centro de Evaluaci\u00f3n de\nHabilidades.<\/p>\n\n\n\n<p>En esta Expo Adulto Mayor, est\u00e1n participando 10 empresas\nincluyentes, las cuales ofrecen m\u00e1s de 150 vacantes con la confianza de que la\no el adulto mayor forme parte de sus equipos de trabajo. Al mismo tiempo, se\npromueve una capacitaci\u00f3n laboral para fortalecer sus competencias y el\ndesarrollo de una actividad productiva por cuenta propia.<\/p>\n\n\n\n<p>Derivado de estas actividades, Fritz Sierra encabez\u00f3 la\nentrega de constancias de capacitaci\u00f3n a tres de las y los 25 beneficiarios del\ncurso de cocina de la modalidad de autoempleo, quienes se capacitaron en el DIF\nCastilla C\u00e1mara.<\/p>\n\n\n\n<p>Durante esta jornada, que tiene lugar en el Centro de\nConvenciones Yucat\u00e1n Siglo XXI, se incorporan distintas innovaciones para\nbrindar un mejor servicio a este segmento de la poblaci\u00f3n, entre las cuales se\nencuentran una bolsa de trabajo incluyente y cursos de capacitaci\u00f3n para el\nautoempleo, as\u00ed como la atenci\u00f3n m\u00e9dica para prevenir y detectar c\u00e1ncer de mama\ny cervicouterino.<\/p>\n\n\n\n<p>Adem\u00e1s, por primera vez esta muestra ser\u00e1 tem\u00e1tica, ya que\nrecordar\u00e1 a las d\u00e9cadas de los 30, 50, 60 y 70, mientras que tambi\u00e9n se\ninstalar\u00e1 un mural para fotograf\u00eda que representar\u00e1 una remembranza de ese\nperiodo de tiempo. Asimismo, propiciando la sana recreaci\u00f3n, habr\u00e1 dos\nconcursos: la Adulta y Adulto Mayor del a\u00f1o y danz\u00f3n este jueves a las 17:30\nhoras.<\/p>\n\n\n\n<p>Tras encabezar el corte de list\u00f3n y realizar un breve\nrecorrido por los stands de 57 expositores, la secretaria General reiter\u00f3 el\ncompromiso del Gobierno para seguir creando espacios que permitan contar con\nservicios de salud, cultura, entretenimiento y trabajo para las personas de la\ntercera edad, que son el tesoro de la sociedad.<\/p>\n<div class='share-to-whatsapp-wrapper'><div class='share-on-whsp'>Share on: <\/div><a data-text='Inauguran la d\u00e9cima edici\u00f3n de la Expo Adulto Mayor' data-link='https:\/\/visionpeninsular.com\/mid\/inauguran-la-decima-edicion-de-la-expo-adulto-mayor\/' class='whatsapp-button whatsapp-share'>WhatsApp<\/a><div class='clear '><\/div><\/div>","protected":false},"excerpt":{"rendered":"<p>Destacan la importancia de garantizar el ejercicio de los derechos de este sector a fin de mejorar su calidad de vida y propiciar su plena integraci\u00f3n al desarrollo social y cultural. Con el fin de brindar a las mujeres y hombres en edad senescente del estado un espacio con una amplia diversidad de oportunidades y &hellip;<\/p>\n","protected":false},"author":5,"featured_media":96071,"comment_status":"open","ping_status":"open","sticky":false,"template":"","format":"standard","meta":{"_mi_skip_tracking":false},"categories":[50,37],"tags":[5298,17112],"_links":{"self":[{"href":"https:\/\/visionpeninsular.com\/mid\/wp-json\/wp\/v2\/posts\/96066"}],"collection":[{"href":"https:\/\/visionpeninsular.com\/mid\/wp-json\/wp\/v2\/posts"}],"about":[{"href":"https:\/\/visionpeninsular.com\/mid\/wp-json\/wp\/v2\/types\/post"}],"author":[{"embeddable":true,"href":"https:\/\/visionpeninsular.com\/mid\/wp-json\/wp\/v2\/users\/5"}],"replies":[{"embeddable":true,"href":"https:\/\/visionpeninsular.com\/mid\/wp-json\/wp\/v2\/comments?post=96066"}],"version-history":[{"count":1,"href":"https:\/\/visionpeninsular.com\/mid\/wp-json\/wp\/v2\/posts\/96066\/revisions"}],"predecessor-version":[{"id":96073,"href":"https:\/\/visionpeninsular.com\/mid\/wp-json\/wp\/v2\/posts\/96066\/revisions\/96073"}],"wp:featuredmedia":[{"embeddable":true,"href":"https:\/\/visionpeninsular.com\/mid\/wp-json\/wp\/v2\/media\/96071"}],"wp:attachment":[{"href":"https:\/\/visionpeninsular.com\/mid\/wp-json\/wp\/v2\/media?parent=96066"}],"wp:term":[{"taxonomy":"category","embeddable":true,"href":"https:\/\/visionpeninsular.com\/mid\/wp-json\/wp\/v2\/categories?post=96066"},{"taxonomy":"post_tag","embeddable":true,"href":"https:\/\/visionpeninsular.com\/mid\/wp-json\/wp\/v2\/tags?post=96066"}],"curies":[{"name":"wp","href":"https:\/\/api.w.org\/{rel}","templated":true}]}}