{"id":95955,"date":"2019-08-14T20:13:28","date_gmt":"2019-08-15T01:13:28","guid":{"rendered":"http:\/\/visionpeninsular.com\/mid\/?p=95955"},"modified":"2019-08-14T20:13:37","modified_gmt":"2019-08-15T01:13:37","slug":"mauricio-vila-dosal-firma-pacto-para-impulsar-el-desarrollo-de-yucatan-y-el-sur-sureste","status":"publish","type":"post","link":"https:\/\/visionpeninsular.com\/mid\/mauricio-vila-dosal-firma-pacto-para-impulsar-el-desarrollo-de-yucatan-y-el-sur-sureste\/","title":{"rendered":"Mauricio Vila Dosal firma pacto para impulsar el desarrollo de Yucat\u00e1n y el sur-sureste"},"content":{"rendered":"\n<p><em>-De esta manera,\nYucat\u00e1n se suma al \u201cPacto Oaxaca. Hacia un Sur-Sureste del Futuro\u201d, compromiso\nque tuvo como testigo de honor al presidente Andr\u00e9s Manuel L\u00f3pez Obrador.<\/em><\/p>\n\n\n\n<p><em>-Tambi\u00e9n se sumaron\nlos Gobernadores de Oaxaca, Chiapas, Tabasco, Quintana Roo, Campeche, Veracruz,\nGuerrero y Puebla.<\/em><\/p>\n\n\n\n<p><em>-El pacto tiene como\nprincipal objetivo detonar las capacidades industriales de la zona e impulsar\nsu desarrollo a trav\u00e9s de acciones conjuntas. <\/em><\/p>\n\n\n\n<p>Oaxaca, Oaxaca, 14 de agosto de 2019.- Establecer una agenda\nestrat\u00e9gica de acci\u00f3n conjunta que promueva el desarrollo econ\u00f3mico y social de\nYucat\u00e1n junto con los otros 8 estados del sur-sureste de M\u00e9xico, es el objetivo\nprincipal del \u201cPacto Oaxaca. Hacia un Sur-Sureste del Futuro\u201d, firmado este d\u00eda\npor el Gobernador Mauricio Vila Dosal, el presidente Andr\u00e9s Manuel L\u00f3pez\nObrador, como testigo de honor, y los otros Gobernadores de la regi\u00f3n.<\/p>\n\n\n\n<p>Desde el Centro de Convenciones de la capital oaxaque\u00f1a,\nVila Dosal y los Gobernadores de Oaxaca, Alejandro Murat Hinojosa; Chiapas,\nRutilio Escand\u00f3n Cadenas; Tabasco, Ad\u00e1n Augusto L\u00f3pez Hern\u00e1ndez; Quintana Roo,\nCarlos Joaqu\u00edn Gonz\u00e1lez; Puebla, Miguel Barbosa Huerta; Veracruz, Cuitl\u00e1huac\nGarc\u00eda Jim\u00e9nez; Guerrero, H\u00e9ctor Antonio Astudillo Flores; y Campeche, Carlos\nMiguel Aysa Gonz\u00e1lez, firmaron este compromiso que busca involucrar a los\ndiferentes sectores econ\u00f3micos y de la sociedad en el impulso del crecimiento\ndel sur-sureste del pa\u00eds.<\/p>\n\n\n\n<p>En el documento tambi\u00e9n firmaron, en calidad de testigos de\nhonor, el presidente de la Confederaci\u00f3n de C\u00e1maras Industriales (Concamin),\nFrancisco Cervantes D\u00edaz y el jefe de la oficina de la Presidencia, Alfonso\nRomo Garza.<\/p>\n\n\n\n<p>A trav\u00e9s del \u201cPacto Oaxaca. Hacia un Sur-Sureste del Futuro\u201d\nse busca que los diferentes actores de la sociedad trabajen de la mano con los\nGobiernos para contribuir a una nueva etapa de desarrollo y de\nindustrializaci\u00f3n socialmente incluyente y, que esta regi\u00f3n se convierta en pieza\nclave del sostenimiento econ\u00f3mico nacional.<\/p>\n\n\n\n<p>Este acuerdo, que tiene vigencia hasta el 31 de diciembre de\n2024, fue planteado con una visi\u00f3n estrat\u00e9gica para el desarrollo industrial de\nla regi\u00f3n Sur-Sureste, con \u00e9nfasis en infraestructura, energ\u00eda y turismo,\ndesarrollo urbano y rural, seguridad, educaci\u00f3n e innovaci\u00f3n, a efecto de\natraer inversiones privadas nacionales y extranjeras que hagan posible impulsar\nel desarrollo regional.<\/p>\n\n\n\n<p>En ese marco, el Gobernador atestigu\u00f3 la presentaci\u00f3n y entrega\ndel proyecto ejecutivo del Corredor Interoce\u00e1nico para el Desarrollo del Istmo\nde Tehuantepec en el Sur-Sureste, el cual comparte el inter\u00e9s de sumar\nesfuerzos para detonar las capacidades de esta zona del territorio nacional.<\/p>\n\n\n\n<p>El encuentro cont\u00f3 con la presencia de los secretarios de\nGobernaci\u00f3n, Olga S\u00e1nchez Cordero; de Turismo, Miguel Torruco Marqu\u00e9s; el\ndirigente del Consejo Coordinador Empresarial (CCE), Carlos Salazar Lomel\u00edn y\nrepresentantes del Congreso de la Uni\u00f3n, la academia, pueblos originarios, as\u00ed\ncomo de los sectores privado, agropecuario, de comercio, turismo y servicios e\nindustrial, quienes acordaron continuar contribuyendo al mejoramiento integral\nde la regi\u00f3n.<\/p>\n\n\n\n<p>Tambi\u00e9n de integrantes de la Concamin, del Consejo Nacional\npara el Fomento a la Inversi\u00f3n, el Empleo y el Crecimiento Econ\u00f3mico (Cnfiece),\nla Comisi\u00f3n de Desarrollo Integral de la Regi\u00f3n Sur- Sureste de la Conferencia\nNacional de Gobernadores (Conago), la Asociaci\u00f3n Mexicana de Secretarios de\nDesarrollo Econ\u00f3mico (Amsde) y el Centro de Investigaci\u00f3n y Docencia Econ\u00f3micas\n(CIDE).<\/p>\n\n\n\n<p>\u200b<\/p>\n<div class='share-to-whatsapp-wrapper'><div class='share-on-whsp'>Share on: <\/div><a data-text='Mauricio Vila Dosal firma pacto para impulsar el desarrollo de Yucat\u00e1n y el sur-sureste' data-link='https:\/\/visionpeninsular.com\/mid\/mauricio-vila-dosal-firma-pacto-para-impulsar-el-desarrollo-de-yucatan-y-el-sur-sureste\/' class='whatsapp-button whatsapp-share'>WhatsApp<\/a><div class='clear '><\/div><\/div>","protected":false},"excerpt":{"rendered":"<p>-De esta manera, Yucat\u00e1n se suma al \u201cPacto Oaxaca. Hacia un Sur-Sureste del Futuro\u201d, compromiso que tuvo como testigo de honor al presidente Andr\u00e9s Manuel L\u00f3pez Obrador. -Tambi\u00e9n se sumaron los Gobernadores de Oaxaca, Chiapas, Tabasco, Quintana Roo, Campeche, Veracruz, Guerrero y Puebla. -El pacto tiene como principal objetivo detonar las capacidades industriales de la &hellip;<\/p>\n","protected":false},"author":5,"featured_media":95960,"comment_status":"open","ping_status":"open","sticky":false,"template":"","format":"standard","meta":{"_mi_skip_tracking":false},"categories":[49,37],"tags":[825,17098,17097],"_links":{"self":[{"href":"https:\/\/visionpeninsular.com\/mid\/wp-json\/wp\/v2\/posts\/95955"}],"collection":[{"href":"https:\/\/visionpeninsular.com\/mid\/wp-json\/wp\/v2\/posts"}],"about":[{"href":"https:\/\/visionpeninsular.com\/mid\/wp-json\/wp\/v2\/types\/post"}],"author":[{"embeddable":true,"href":"https:\/\/visionpeninsular.com\/mid\/wp-json\/wp\/v2\/users\/5"}],"replies":[{"embeddable":true,"href":"https:\/\/visionpeninsular.com\/mid\/wp-json\/wp\/v2\/comments?post=95955"}],"version-history":[{"count":1,"href":"https:\/\/visionpeninsular.com\/mid\/wp-json\/wp\/v2\/posts\/95955\/revisions"}],"predecessor-version":[{"id":95965,"href":"https:\/\/visionpeninsular.com\/mid\/wp-json\/wp\/v2\/posts\/95955\/revisions\/95965"}],"wp:featuredmedia":[{"embeddable":true,"href":"https:\/\/visionpeninsular.com\/mid\/wp-json\/wp\/v2\/media\/95960"}],"wp:attachment":[{"href":"https:\/\/visionpeninsular.com\/mid\/wp-json\/wp\/v2\/media?parent=95955"}],"wp:term":[{"taxonomy":"category","embeddable":true,"href":"https:\/\/visionpeninsular.com\/mid\/wp-json\/wp\/v2\/categories?post=95955"},{"taxonomy":"post_tag","embeddable":true,"href":"https:\/\/visionpeninsular.com\/mid\/wp-json\/wp\/v2\/tags?post=95955"}],"curies":[{"name":"wp","href":"https:\/\/api.w.org\/{rel}","templated":true}]}}