{"id":95925,"date":"2019-08-14T13:05:48","date_gmt":"2019-08-14T18:05:48","guid":{"rendered":"http:\/\/visionpeninsular.com\/mid\/?p=95925"},"modified":"2019-08-14T13:06:01","modified_gmt":"2019-08-14T18:06:01","slug":"no-claudia-asi-no-mirada-violeta","status":"publish","type":"post","link":"https:\/\/visionpeninsular.com\/mid\/no-claudia-asi-no-mirada-violeta\/","title":{"rendered":"No Claudia, as\u00ed no. Mirada Violeta"},"content":{"rendered":"\n<p>&nbsp;#NoMeCuidanMeViolan<\/p>\n\n\n\n<p>#Mirada Violeta<\/p>\n\n\n\n<p>\u00a0Lupita Ramos Ponce<\/p>\n\n\n\n<p>Fuente: Partidero. Periodismo de Diez<\/p>\n\n\n\n<p>No Claudia, as\u00ed no. As\u00ed no se responde institucionalmente\nante las violencias contra las mujeres. No es amagando con abrir carpetas de\ninvestigaci\u00f3n para quienes exigen justicia y un alto a la impunidad. No es\nofreciendo ruedas de prensa para anunciar que fue \u201cuna provocaci\u00f3n\u201d las\nacciones movidas desde la indignaci\u00f3n para exigir castigo a los cuatro polic\u00edas\nacusados de violaci\u00f3n de una menor en Azcapotzalco en la madrugada del 3 de\nagosto en que la adolescente iba caminando a su casa despu\u00e9s de que un amigo la\ndejara a dos cuadras del lugar cuando fue abordada por una patrulla y cuatro\nagentes de la Secretar\u00eda de Seguridad Ciudadana de CDMX y la subieron a la\nfuerza y la violaron tumultariamente. La adolescente fue atendida por la Cruz\nRoja donde \u201cse le practicaron ex\u00e1menes m\u00e9dicos y sicol\u00f3gicos que confirmaron\nuna agresi\u00f3n sexual\u201d.<\/p>\n\n\n\n<p>Desde que se conocieron p\u00fablicamente los hechos, se\nesperaban acciones contundentes del gobierno de la ciudad de M\u00e9xico y de su\ntitular. Se esperaba que Claudia hubiera salido en rueda de prensa a anunciar\nla detenci\u00f3n de los responsables y el env\u00edo de un mensaje claro de no\ntolerancia a esos actos barb\u00e1ricos dentro de las filas de la polic\u00eda y de los\ncuerpos de seguridad. Eso no ocurri\u00f3, por el contrario, desde que se conoci\u00f3 la\nnoticia, Claudia Sheinbaum, no dio p\u00fablicamente la cara y permiti\u00f3 que adem\u00e1s\nse ejerciera violencia institucional contra la adolescente y su familia al\nfiltrarse informaci\u00f3n privada que algunos medios irresponsables publicaron y\norill\u00f3 a la familia a tomar decisiones para resguardarse y protegerse ante\npresuntas represalias de los propios polic\u00edas violadores quienes segu\u00edan en\nfunciones y simplemente estaban \u201clocalizables\u201d.<\/p>\n\n\n\n<p>Despu\u00e9s de un proceso deficiente, la investigaci\u00f3n qued\u00f3\nestancada y la procuradora de justicia Ernestina Godoy declar\u00f3 que \u201cno hay\nraz\u00f3n para que se les separe del cargo\u201d y \u201cno se pueden violentar los derechos\nlaborales&#8221; ya que \u201cno vamos a fabricar culpables\u201d. Estas decisiones y\ndeclaraciones p\u00fablicas provocaron la indignaci\u00f3n social por lo que diversas\nfeministas y grupos de mujeres convocaron a una marcha saliendo de la\nSecretar\u00eda de Seguridad Ciudadana y terminando en la Procuradur\u00eda General de\nJusticia para exigir un alto a las violencias institucionales y sociales en\ncontra de las mujeres. La convocatoria y movilizaci\u00f3n se realiz\u00f3 bajo la\nconsigna: #NoMeCuidanMeViolan. Durante la manifestaci\u00f3n, el secretario de\nseguridad Jes\u00fas Orta sali\u00f3 de su oficina y algunas manifestantes le aventaron\nbrillantina en la cabeza, quedando su cara y cabello lleno de brillitos\nmorados. Despu\u00e9s de eso, el contingente sali\u00f3 en camino hacia la Procuradur\u00eda\nGeneral de Justicia en donde se pintaron algunas frases de denuncia con pintura\nde spray en las paredes. Se cerraron las puertas de vidrio y unas cuantas\npersonas las patearon y alguna se rompi\u00f3. Resultado: Un secretario de seguridad\ncon el cabello pintado de brillitos morados, unas paredes rayadas y una puerta\nrota. Acciones: Rueda de prensa de Claudia Sheinbaum, para anunciar indignada\nque no aceptar\u00e1 \u201cprovocaciones\u201d y que iniciaran actas de investigaci\u00f3n contra\nlas manifestantes.<\/p>\n\n\n\n<p>\u00bfY qu\u00e9 vas a hacer Claudia con todas las vidas rotas por la\nviolencia en tu ciudad?, \u00bfTe causan la misma indignaci\u00f3n y respuesta? No\nClaudia, as\u00ed no. As\u00ed no se gobierna, as\u00ed no se atiende a las v\u00edctimas, as\u00ed no\nse resuelven y atienden las graves violencias que vivimos las mujeres d\u00eda con\nd\u00eda, incluyendo la violencia sexual y los feminicidios. Y por cierto, tus\npolic\u00edas no me cuidan, me violan.<\/p>\n\n\n\n<p>&nbsp;lupitaramosponce@gmail.com @lupitaramosponce<\/p>\n<div class='share-to-whatsapp-wrapper'><div class='share-on-whsp'>Share on: <\/div><a data-text='No Claudia, as\u00ed no. Mirada Violeta' data-link='https:\/\/visionpeninsular.com\/mid\/no-claudia-asi-no-mirada-violeta\/' class='whatsapp-button whatsapp-share'>WhatsApp<\/a><div class='clear '><\/div><\/div>","protected":false},"excerpt":{"rendered":"<p>&nbsp;#NoMeCuidanMeViolan #Mirada Violeta \u00a0Lupita Ramos Ponce Fuente: Partidero. Periodismo de Diez No Claudia, as\u00ed no. As\u00ed no se responde institucionalmente ante las violencias contra las mujeres. No es amagando con abrir carpetas de investigaci\u00f3n para quienes exigen justicia y un alto a la impunidad. No es ofreciendo ruedas de prensa para anunciar que fue \u201cuna &hellip;<\/p>\n","protected":false},"author":5,"featured_media":95934,"comment_status":"open","ping_status":"open","sticky":false,"template":"","format":"standard","meta":{"_mi_skip_tracking":false},"categories":[44],"tags":[11114,5680,1397],"_links":{"self":[{"href":"https:\/\/visionpeninsular.com\/mid\/wp-json\/wp\/v2\/posts\/95925"}],"collection":[{"href":"https:\/\/visionpeninsular.com\/mid\/wp-json\/wp\/v2\/posts"}],"about":[{"href":"https:\/\/visionpeninsular.com\/mid\/wp-json\/wp\/v2\/types\/post"}],"author":[{"embeddable":true,"href":"https:\/\/visionpeninsular.com\/mid\/wp-json\/wp\/v2\/users\/5"}],"replies":[{"embeddable":true,"href":"https:\/\/visionpeninsular.com\/mid\/wp-json\/wp\/v2\/comments?post=95925"}],"version-history":[{"count":1,"href":"https:\/\/visionpeninsular.com\/mid\/wp-json\/wp\/v2\/posts\/95925\/revisions"}],"predecessor-version":[{"id":95935,"href":"https:\/\/visionpeninsular.com\/mid\/wp-json\/wp\/v2\/posts\/95925\/revisions\/95935"}],"wp:featuredmedia":[{"embeddable":true,"href":"https:\/\/visionpeninsular.com\/mid\/wp-json\/wp\/v2\/media\/95934"}],"wp:attachment":[{"href":"https:\/\/visionpeninsular.com\/mid\/wp-json\/wp\/v2\/media?parent=95925"}],"wp:term":[{"taxonomy":"category","embeddable":true,"href":"https:\/\/visionpeninsular.com\/mid\/wp-json\/wp\/v2\/categories?post=95925"},{"taxonomy":"post_tag","embeddable":true,"href":"https:\/\/visionpeninsular.com\/mid\/wp-json\/wp\/v2\/tags?post=95925"}],"curies":[{"name":"wp","href":"https:\/\/api.w.org\/{rel}","templated":true}]}}