{"id":9591,"date":"2016-08-10T09:27:50","date_gmt":"2016-08-10T14:27:50","guid":{"rendered":"http:\/\/visionpeninsular.com\/mid\/?p=9591"},"modified":"2016-08-10T09:27:50","modified_gmt":"2016-08-10T14:27:50","slug":"devela-mauricio-vila-nuevo-atractivo-para-la-ciudad-vanguardia-turistica-del-ayuntamiento","status":"publish","type":"post","link":"https:\/\/visionpeninsular.com\/mid\/devela-mauricio-vila-nuevo-atractivo-para-la-ciudad-vanguardia-turistica-del-ayuntamiento\/","title":{"rendered":"Devela Mauricio Vila nuevo atractivo para la ciudad &#8211; Vanguardia tur\u00edstica del Ayuntamiento"},"content":{"rendered":"<p>Promover a M\u00e9rida como destino tur\u00edstico de vanguardia es labor constante en el Ayuntamiento y como parte de las medidas para lograrlo, hoy el alcalde, Mauricio Vila Dosal, devel\u00f3 hoy en la Plaza Grande las letras que forman el nombre de la ciudad, mismas que permanecer\u00e1n en este lugar, a fin de que meridanos y visitantes puedan tomarse fotos junto a ellas y compartirlas en sus redes sociales.<\/p>\n<p>El alcalde coment\u00f3 que esta acci\u00f3n es una forma de seguir promocionando M\u00e9rida y anticip\u00f3 que se colocar\u00e1n letras similares en otros sitios representativos de la ciudad.<\/p>\n<p>\u2014La intenci\u00f3n es que meridanos y visitantes se tomen fotos junto al nombre de M\u00e9rida y las compartan en sus redes sociales, que actualmente juegan un papel importante en la promoci\u00f3n de lugares tur\u00edsticos -recalc\u00f3.<\/p>\n<p>Destac\u00f3 que este primer grupo de letras se instal\u00f3 en la Plaza Grande y tiene como fondo la Catedral, uno de los lugares elegidos como Patrimonio Cultural de los meridanos.<\/p>\n<p>\u2014\u00c9ste es un momento adecuado para seguir promocionando a la ciudad para atraer m\u00e1s turismo, actividad que genera empleos y derrama econ\u00f3mica, de manera que todos salimos ganando \u2014a\u00f1adi\u00f3.<\/p>\n<p>Carolina C\u00e1rdenas Sosa, directora de Promoci\u00f3n Econ\u00f3mica y Turismo del Ayuntamiento, invit\u00f3 a la gente a tomarse fotos junto a las letras y subir las im\u00e1genes al sitio de Facebook y las tres que logren m\u00e1s likes hasta las 11:59 de la noche del pr\u00f3ximo jueves, ganar\u00e1n cenas en restaurantes de la ciudad.<\/p>\n<p>La funcionaria coment\u00f3 que la inversi\u00f3n municipal fue m\u00ednima, de $86,400 m\u00e1s IVA, ya que la empresa que las elabor\u00f3, Arte Creativo, de Roberto Rihani, absorbi\u00f3 parte del costo.<\/p>\n<p>Con esta nueva estrategia, que ya se aplica en destinos tur\u00edsticos de importancia en todo el mundo como Canc\u00fan, Amsterdam, Gij\u00f3n y Dubl\u00edn, entre otros, se busca que los meridanos y visitantes tengan una atractiva opci\u00f3n para ampliar la promoci\u00f3n de M\u00e9rida, Ciudad Blanca.<\/p>\n<p>Las letras est\u00e1n elaboradas en fibra de vidrio y aglomerado de madera y tienen una altura de 1.70 metros, incluida su base y una longitud de 7.50 metros.<\/p>\n<p>Cada letra tiene un color diferente: azul, verde, rosa mexicano, rojo, amarillo y naranja. Est\u00e1n decoradas con unas grecas mayas en reconocimiento a las ra\u00edces culturales de la ciudad y a uno de los ejes de esta administraci\u00f3n, que es la tradici\u00f3n.<\/p>\n<p>Acompa\u00f1aron al alcalde en la develaci\u00f3n, adem\u00e1s de Carolina C\u00e1rdenas, el coordinador general de Pol\u00edtica Comunitaria, V\u00edctor Hugo Lozano Poveda; regidor V\u00edctor Merari S\u00e1nchez Roca, presidente de la Comisi\u00f3n de Desarrollo Econ\u00f3mico y Tur\u00edstico; Carolo Kolozs Fisher, vicepresidente de Turismo de la Canaco-Servytur y propietario del hotel Rosas y Chocolate; Mario Ancona Teigel, c\u00f3nsul honorario de Francia en Yucat\u00e1n y Campeche; Gladys Ricalde Ceballos, vicepresidenta de Canacintra delegaci\u00f3n Yucat\u00e1n y Cristina Baker, directora del hotel Hacienda Xcanat\u00fan.<\/p>\n<div class='share-to-whatsapp-wrapper'><div class='share-on-whsp'>Share on: <\/div><a data-text='Devela Mauricio Vila nuevo atractivo para la ciudad - Vanguardia tur\u00edstica del Ayuntamiento' data-link='https:\/\/visionpeninsular.com\/mid\/devela-mauricio-vila-nuevo-atractivo-para-la-ciudad-vanguardia-turistica-del-ayuntamiento\/' class='whatsapp-button whatsapp-share'>WhatsApp<\/a><div class='clear '><\/div><\/div>","protected":false},"excerpt":{"rendered":"<p>Promover a M\u00e9rida como destino tur\u00edstico de vanguardia es labor constante en el Ayuntamiento y como parte de las medidas para lograrlo, hoy el alcalde, Mauricio Vila Dosal, devel\u00f3 hoy en la Plaza Grande las letras que forman el nombre de la ciudad, mismas que permanecer\u00e1n en este lugar, a fin de que meridanos y &hellip;<\/p>\n","protected":false},"author":1,"featured_media":9592,"comment_status":"open","ping_status":"open","sticky":false,"template":"","format":"standard","meta":{"_mi_skip_tracking":false},"categories":[49],"tags":[2056,41,40],"_links":{"self":[{"href":"https:\/\/visionpeninsular.com\/mid\/wp-json\/wp\/v2\/posts\/9591"}],"collection":[{"href":"https:\/\/visionpeninsular.com\/mid\/wp-json\/wp\/v2\/posts"}],"about":[{"href":"https:\/\/visionpeninsular.com\/mid\/wp-json\/wp\/v2\/types\/post"}],"author":[{"embeddable":true,"href":"https:\/\/visionpeninsular.com\/mid\/wp-json\/wp\/v2\/users\/1"}],"replies":[{"embeddable":true,"href":"https:\/\/visionpeninsular.com\/mid\/wp-json\/wp\/v2\/comments?post=9591"}],"version-history":[{"count":1,"href":"https:\/\/visionpeninsular.com\/mid\/wp-json\/wp\/v2\/posts\/9591\/revisions"}],"predecessor-version":[{"id":9593,"href":"https:\/\/visionpeninsular.com\/mid\/wp-json\/wp\/v2\/posts\/9591\/revisions\/9593"}],"wp:featuredmedia":[{"embeddable":true,"href":"https:\/\/visionpeninsular.com\/mid\/wp-json\/wp\/v2\/media\/9592"}],"wp:attachment":[{"href":"https:\/\/visionpeninsular.com\/mid\/wp-json\/wp\/v2\/media?parent=9591"}],"wp:term":[{"taxonomy":"category","embeddable":true,"href":"https:\/\/visionpeninsular.com\/mid\/wp-json\/wp\/v2\/categories?post=9591"},{"taxonomy":"post_tag","embeddable":true,"href":"https:\/\/visionpeninsular.com\/mid\/wp-json\/wp\/v2\/tags?post=9591"}],"curies":[{"name":"wp","href":"https:\/\/api.w.org\/{rel}","templated":true}]}}