{"id":9557,"date":"2016-08-10T07:42:45","date_gmt":"2016-08-10T12:42:45","guid":{"rendered":"http:\/\/visionpeninsular.com\/mid\/?p=9557"},"modified":"2016-08-10T07:42:45","modified_gmt":"2016-08-10T12:42:45","slug":"propone-amc-disenar-un-plan-regional-de-accion-climatica-por-subregiones","status":"publish","type":"post","link":"https:\/\/visionpeninsular.com\/mid\/propone-amc-disenar-un-plan-regional-de-accion-climatica-por-subregiones\/","title":{"rendered":"Propone AMC Dise\u00f1ar un Plan Regional de Acci\u00f3n Clim\u00e1tica por subregiones"},"content":{"rendered":"<p>Los gobiernos de Campeche y Yucat\u00e1n se comprometieron en trabajar en la conformaci\u00f3n de la Agenda Integral de Cambio Clim\u00e1tico y el dise\u00f1o de Planes Regionales de Acci\u00f3n Clim\u00e1tica por subregiones.<\/p>\n<p>Por separado, el gobernador de Campeche, Alejandro Moreno C\u00e1rdenas expres\u00f3 que en materia de sustentabilidad ambiental se propuso la necesidad de conformar dicha Agenda y el desarrollo de capacidad para atender el tema, as\u00ed como la evaluaci\u00f3n de las capacidades de las procuradur\u00edas del ramo.<\/p>\n<p>Insisti\u00f3 en el ordenamiento integral del territorio, como oportunidad para la consolidaci\u00f3n de la regi\u00f3n Sur-Sureste, as\u00ed como el dise\u00f1o de Planes Regionales de Acci\u00f3n Clim\u00e1tica por subregiones.<\/p>\n<p>Inclusive de la realizaci\u00f3n de una estrategia para la restauraci\u00f3n de las zonas forestales y la promoci\u00f3n de energ\u00edas renovables.<\/p>\n<p>En cuanto al tema de infraestructura, el mandatario estatal mencion\u00f3 el establecimiento de reglas de operaci\u00f3n de los programas federales y en desarrollo urbano, la promoci\u00f3n e impulso de la Ley General de Asentamientos Humanos, adem\u00e1s de solicitar a la Sedatu el dise\u00f1o de un programa de apoyo a las entidades federativas para la compra de suelo para incorporarlo a los proyectos de desarrollo.<\/p>\n<p>Al igual que recursos para actualizar los programas de desarrollo urbano y en desarrollo rural, la recuperaci\u00f3n y desarrollo de zonas cafetaleras, con organizaci\u00f3n para la autogesti\u00f3n y productividad, capacitaci\u00f3n y desarrollo rural v\u00eda extensionismo; transferencia y validaci\u00f3n de tecnolog\u00eda; sanidad e inocuidad alimentaria; sustentabilidad ambiental, y regularizaci\u00f3n de la tenencia de la tierra.<\/p>\n<p>En el rubro de inclusi\u00f3n social, consider\u00f3 fundamental la creaci\u00f3n del Fondo de Fomento para el Desarrollo Social y Humano de las entidades federativas; el impulso de una plataforma de modelos de programas y acciones, as\u00ed como la integraci\u00f3n de una agenda interinstitucional en temas prioritarios de la regi\u00f3n y un espacio de intercambio de experiencias para crear instrumentos con enfoque regional.<\/p>\n<p>A\u00f1adi\u00f3 que a propuesta de la Sedesyh, se plante\u00f3 que las entidades federativas que conforman la regi\u00f3n Sur-Sureste valoren la posibilidad de construir una agenda plural interinstitucional que incluya los intereses y temas prioritarios de la regi\u00f3n.<\/p>\n<div class='share-to-whatsapp-wrapper'><div class='share-on-whsp'>Share on: <\/div><a data-text='Propone AMC Dise\u00f1ar un Plan Regional de Acci\u00f3n Clim\u00e1tica por subregiones' data-link='https:\/\/visionpeninsular.com\/mid\/propone-amc-disenar-un-plan-regional-de-accion-climatica-por-subregiones\/' class='whatsapp-button whatsapp-share'>WhatsApp<\/a><div class='clear '><\/div><\/div>","protected":false},"excerpt":{"rendered":"<p>Los gobiernos de Campeche y Yucat\u00e1n se comprometieron en trabajar en la conformaci\u00f3n de la Agenda Integral de Cambio Clim\u00e1tico y el dise\u00f1o de Planes Regionales de Acci\u00f3n Clim\u00e1tica por subregiones. Por separado, el gobernador de Campeche, Alejandro Moreno C\u00e1rdenas expres\u00f3 que en materia de sustentabilidad ambiental se propuso la necesidad de conformar dicha Agenda &hellip;<\/p>\n","protected":false},"author":1,"featured_media":9558,"comment_status":"open","ping_status":"open","sticky":false,"template":"","format":"standard","meta":{"_mi_skip_tracking":false},"categories":[46],"tags":[2049,55,825],"_links":{"self":[{"href":"https:\/\/visionpeninsular.com\/mid\/wp-json\/wp\/v2\/posts\/9557"}],"collection":[{"href":"https:\/\/visionpeninsular.com\/mid\/wp-json\/wp\/v2\/posts"}],"about":[{"href":"https:\/\/visionpeninsular.com\/mid\/wp-json\/wp\/v2\/types\/post"}],"author":[{"embeddable":true,"href":"https:\/\/visionpeninsular.com\/mid\/wp-json\/wp\/v2\/users\/1"}],"replies":[{"embeddable":true,"href":"https:\/\/visionpeninsular.com\/mid\/wp-json\/wp\/v2\/comments?post=9557"}],"version-history":[{"count":1,"href":"https:\/\/visionpeninsular.com\/mid\/wp-json\/wp\/v2\/posts\/9557\/revisions"}],"predecessor-version":[{"id":9559,"href":"https:\/\/visionpeninsular.com\/mid\/wp-json\/wp\/v2\/posts\/9557\/revisions\/9559"}],"wp:featuredmedia":[{"embeddable":true,"href":"https:\/\/visionpeninsular.com\/mid\/wp-json\/wp\/v2\/media\/9558"}],"wp:attachment":[{"href":"https:\/\/visionpeninsular.com\/mid\/wp-json\/wp\/v2\/media?parent=9557"}],"wp:term":[{"taxonomy":"category","embeddable":true,"href":"https:\/\/visionpeninsular.com\/mid\/wp-json\/wp\/v2\/categories?post=9557"},{"taxonomy":"post_tag","embeddable":true,"href":"https:\/\/visionpeninsular.com\/mid\/wp-json\/wp\/v2\/tags?post=9557"}],"curies":[{"name":"wp","href":"https:\/\/api.w.org\/{rel}","templated":true}]}}