{"id":9547,"date":"2016-08-09T22:24:02","date_gmt":"2016-08-10T03:24:02","guid":{"rendered":"http:\/\/visionpeninsular.com\/mid\/?p=9547"},"modified":"2016-08-09T22:24:02","modified_gmt":"2016-08-10T03:24:02","slug":"inicio-de-clases-en-conalep-yucatan-los-alumnos-ya-estan-en-los-salones-de-clase","status":"publish","type":"post","link":"https:\/\/visionpeninsular.com\/mid\/inicio-de-clases-en-conalep-yucatan-los-alumnos-ya-estan-en-los-salones-de-clase\/","title":{"rendered":"Inicio de clases en CONALEP Yucat\u00e1n; los alumnos ya est\u00e1n en los salones de clase"},"content":{"rendered":"<p>El Colegio Nacional de Educaci\u00f3n Profesional y T\u00e9cnica del Estado de Yucat\u00e1n (CONALEP), abri\u00f3 sus puertas para dar inicio al nuevo ciclo escolar recibiendo a cerca de cinco mil j\u00f3venes en sus planteles M\u00e9rida I, II y III, Valladolid y Tizim\u00edn.<\/p>\n<p>En el presente ciclo escolar se ofertan las carreras de Profesional T\u00e9cnico Bachiller en Administraci\u00f3n, as\u00ed como en Contabilidad, Enfermer\u00eda General, Hospitalidad Tur\u00edstica, Inform\u00e1tica, Soporte y Mantenimiento de Equipo de C\u00f3mputo, Autotransporte, Expresi\u00f3n Gr\u00e1fica Digital, Productividad Industrial, y Refrigeraci\u00f3n y Climatizaci\u00f3n.<\/p>\n<p>Todos estos programas educativos cuentan con las instalaciones adecuadas para la parte pr\u00e1ctica. <\/p>\n<p>De acuerdo con el director General del subsistema, Manuel Carrillo Esquivel, el taller de Alimentos y Bebidas est\u00e1 equipado con estufas industriales de calidad, tal como la de los hoteles de la Riviera Maya; el de Expresi\u00f3n Gr\u00e1fica tiene 42 computadoras IMAC de 27 pulgadas, mientras que para los de Dibujo se adquirieron los restiradores suficientes para el n\u00famero de alumnos, el de Autotransporte tiene equipo de calidad alemana y el de Administraci\u00f3n se abasteci\u00f3 con 50 computadoras touch.<\/p>\n<p>En el presente semestre, el taller de Inform\u00e1tica, Soporte y Mantenimiento de Equipo de C\u00f3mputo contar\u00e1 con la totalidad de piezas para que los estudiantes aprendan a ensamblar computadoras, inform\u00f3 el funcionario.<\/p>\n<p>Asimismo, exhort\u00f3 a los alumnos que iniciaron el semestre ayer lunes ocho de agosto, a cuidar y valorar la infraestructura, a sus docentes y la oportunidad que gozan de seguir estudiando, ya que muchos aspirantes no pudieron ingresar.<\/p>\n<p>Estudiar la preparatoria y prepararse para la vida es una gran oportunidad, recalc\u00f3, ya que al egresar se obtiene un certificado de bachiller para continuar en cualquier sistema educativo de nivel superior. Adem\u00e1s, es posible ser un profesionista especializado al incorporarse exitosamente al campo laboral con un t\u00edtulo y c\u00e9dula profesional que lo acredita como profesional t\u00e9cnico, as\u00ed como dos certificaciones en competencias laborales.<\/p>\n<div class='share-to-whatsapp-wrapper'><div class='share-on-whsp'>Share on: <\/div><a data-text='Inicio de clases en CONALEP Yucat\u00e1n; los alumnos ya est\u00e1n en los salones de clase' data-link='https:\/\/visionpeninsular.com\/mid\/inicio-de-clases-en-conalep-yucatan-los-alumnos-ya-estan-en-los-salones-de-clase\/' class='whatsapp-button whatsapp-share'>WhatsApp<\/a><div class='clear '><\/div><\/div>","protected":false},"excerpt":{"rendered":"<p>El Colegio Nacional de Educaci\u00f3n Profesional y T\u00e9cnica del Estado de Yucat\u00e1n (CONALEP), abri\u00f3 sus puertas para dar inicio al nuevo ciclo escolar recibiendo a cerca de cinco mil j\u00f3venes en sus planteles M\u00e9rida I, II y III, Valladolid y Tizim\u00edn. En el presente ciclo escolar se ofertan las carreras de Profesional T\u00e9cnico Bachiller en &hellip;<\/p>\n","protected":false},"author":1,"featured_media":9548,"comment_status":"open","ping_status":"open","sticky":false,"template":"","format":"standard","meta":{"_mi_skip_tracking":false},"categories":[50],"tags":[2046,1138,2045],"_links":{"self":[{"href":"https:\/\/visionpeninsular.com\/mid\/wp-json\/wp\/v2\/posts\/9547"}],"collection":[{"href":"https:\/\/visionpeninsular.com\/mid\/wp-json\/wp\/v2\/posts"}],"about":[{"href":"https:\/\/visionpeninsular.com\/mid\/wp-json\/wp\/v2\/types\/post"}],"author":[{"embeddable":true,"href":"https:\/\/visionpeninsular.com\/mid\/wp-json\/wp\/v2\/users\/1"}],"replies":[{"embeddable":true,"href":"https:\/\/visionpeninsular.com\/mid\/wp-json\/wp\/v2\/comments?post=9547"}],"version-history":[{"count":1,"href":"https:\/\/visionpeninsular.com\/mid\/wp-json\/wp\/v2\/posts\/9547\/revisions"}],"predecessor-version":[{"id":9549,"href":"https:\/\/visionpeninsular.com\/mid\/wp-json\/wp\/v2\/posts\/9547\/revisions\/9549"}],"wp:featuredmedia":[{"embeddable":true,"href":"https:\/\/visionpeninsular.com\/mid\/wp-json\/wp\/v2\/media\/9548"}],"wp:attachment":[{"href":"https:\/\/visionpeninsular.com\/mid\/wp-json\/wp\/v2\/media?parent=9547"}],"wp:term":[{"taxonomy":"category","embeddable":true,"href":"https:\/\/visionpeninsular.com\/mid\/wp-json\/wp\/v2\/categories?post=9547"},{"taxonomy":"post_tag","embeddable":true,"href":"https:\/\/visionpeninsular.com\/mid\/wp-json\/wp\/v2\/tags?post=9547"}],"curies":[{"name":"wp","href":"https:\/\/api.w.org\/{rel}","templated":true}]}}