{"id":95375,"date":"2019-08-10T11:32:58","date_gmt":"2019-08-10T16:32:58","guid":{"rendered":"http:\/\/visionpeninsular.com\/mid\/?p=95375"},"modified":"2019-08-10T11:33:06","modified_gmt":"2019-08-10T16:33:06","slug":"renan-apoya-a-jovenes-para-estudiar-en-el-extranjero","status":"publish","type":"post","link":"https:\/\/visionpeninsular.com\/mid\/renan-apoya-a-jovenes-para-estudiar-en-el-extranjero\/","title":{"rendered":"Ren\u00e1n apoya a j\u00f3venes para estudiar en el extranjero"},"content":{"rendered":"\n<p>A propuesta del alcalde Ren\u00e1n Barrera Concha, en su sesi\u00f3n\nde instalaci\u00f3n, el Comit\u00e9 Municipal de Desarrollo Juvenil aprob\u00f3 la creaci\u00f3n de\nun fondo inicial de $400,000 para apoyar con gastos de traslado y manutenci\u00f3n a\nj\u00f3venes que hayan obtenido becas para estudiar en el extranjero.<\/p>\n\n\n\n<p>El mun\u00edcipe destac\u00f3 que el Ayuntamiento ofrece diferentes\napoyos a los j\u00f3venes para que no se vean en la necesidad de abandonar sus estudios,\npero este fondo lo crean como una beca complementaria a las que otorgan\nescuelas e instituciones.<\/p>\n\n\n\n<p>\u2014No se trata de una beca acad\u00e9mica, sino de darles apoyo\npara pagar su traslado y manutenci\u00f3n a quienes por su excelencia acad\u00e9mica ya\nobtuvieron una beca \u2014puntualiz\u00f3.<\/p>\n\n\n\n<p>Coment\u00f3 que los $400,000 propuestos para el fondo son una\nsuma inicial, que podr\u00edan ir ajustando conforme las solicitudes y necesidades\nque se detecten.<\/p>\n\n\n\n<p>Remarc\u00f3 que la creaci\u00f3n tanto del comit\u00e9 como del fondo de\napoyo es el \u201csaque\u201d de nuevas acciones concretas a favor de la juventud.<\/p>\n\n\n\n<p>\u2014Queremos hablar con hechos de lo que el Ayuntamiento de\nM\u00e9rida est\u00e1 dispuesto a hacer por su juventud y por la creaci\u00f3n de una mayor\nsinergia entre el gobierno y los diferentes sectores de la comunidad \u2014expres\u00f3.<\/p>\n\n\n\n<p>Consider\u00f3 que la juventud es una de las etapas m\u00e1s\nimportantes, en la que se define en gran medida el futuro de las personas y por\neso el Ayuntamiento apoya a sus j\u00f3venes, a fin de darles mejores oportunidades\ny que, a su vez, les permitan contribuir a la creaci\u00f3n de una mejor sociedad.<\/p>\n\n\n\n<p>Durante la sesi\u00f3n de instalaci\u00f3n, Katia Victoria Brice\u00f1o,\njefa del Departamento de Juventud del Ayuntamiento y secretaria t\u00e9cnica del\ncomit\u00e9, destac\u00f3 la importancia de la iniciativa que impuls\u00f3 el alcalde para\ninstalar el comit\u00e9, la cual demuestra el genuino inter\u00e9s del Ayuntamiento que\nencabeza por darle voz a los j\u00f3venes, a fin de que puedan participar en\nprogramas y proyectos que les ata\u00f1en.<\/p>\n\n\n\n<p>\u2014Hoy esta administraci\u00f3n municipal asume una responsabilidad\nmuy grande y acertada, que abre mayores espacios para crear sinergias de los\nj\u00f3venes con el gobierno \u2014a\u00f1adi\u00f3.<\/p>\n\n\n\n<p>En su intervenci\u00f3n, Ingrid del Pilar Santos D\u00edaz,\nsubsecretaria de la Juventud del Estado de Yucat\u00e1n, reconoci\u00f3 y felicit\u00f3 al\nalcalde Ren\u00e1n Barrera por el apoyo que brinda a la juventud y subray\u00f3 que con\nla instalaci\u00f3n de este comit\u00e9 M\u00e9rida da un paso muy importante para que otros\nmunicipios se sumen a esta din\u00e1mica.<\/p>\n\n\n\n<p>\u2014El Ayuntamiento de M\u00e9rida est\u00e1 escuchando a la sociedad y\neso es muy valioso \u2014puntualiz\u00f3\u2014. Reconozco el trabajo del alcalde y del\ndepartamento de la Juventud y quiero decirles que cuentan con nosotros para\nrealizar un trabajo coordinado.<\/p>\n\n\n\n<p>El director de Bienestar Social, Jorge Gamboa Wong, destac\u00f3\nque los integrantes del comit\u00e9 est\u00e1n haciendo historia porque es la primera\nocasi\u00f3n que se instala en el municipio un Comit\u00e9 de Desarrollo Juvenil.<\/p>\n\n\n\n<p>\u2014Con nuestras futuras sesiones de trabajo, haremos una\nevaluaci\u00f3n y seguimiento del Plan Municipal de Desarrollo y podremos contribuir\na hacer un mejor municipio \u2014puntualiz\u00f3.<\/p>\n\n\n\n<p>En su mensaje, Barrera Concha precis\u00f3 que la idea de crear\nun fondo de apoyo a la juventud surgi\u00f3 por las constantes solicitudes de apoyo\nde estudiantes que consiguieron una beca, pero no tienen medios econ\u00f3micos para\ntrasladarse al pa\u00eds o ciudad donde deben estudiarla.<\/p>\n\n\n\n<p>Recalc\u00f3 que el Ayuntamiento seguir\u00e1 trabajando para crear\nsinergia con los diferentes sectores de la sociedad y otros \u00f3rdenes de\ngobierno, como lo hace en la actualidad con el estatal.<\/p>\n\n\n\n<p>Record\u00f3 que Ayuntamiento y Gobierno estatal firmaron la\nagenda 2050, que involucra el trabajo conjunto y bajo este esquema est\u00e1n\nconstruyendo calles, infraestructura p\u00fablica en M\u00e9rida y entregan tambi\u00e9n becas\ndel 100% a hijos de polic\u00edas.<\/p>\n\n\n\n<p>El comit\u00e9 instalado hoy lo integran j\u00f3venes de 20 a 26 a\u00f1os\nedad, con vocaci\u00f3n de servicio, tiempo y energ\u00eda para trabajar de manera\nsolidaria por la ciudad y para contribuir a solucionar los problemas y retos\nque enfrenta la juventud meridana.<\/p>\n\n\n\n<p>El Comit\u00e9 Municipal de Desarrollo Juvenil ser\u00e1 un \u00f3rgano de\nconsulta encargado de dise\u00f1ar estrategias encaminadas al desarrollo de los\nj\u00f3venes, principalmente aquellos que se encuentran en circunstancias de\nvulnerabilidad.<\/p>\n\n\n\n<p>Generar\u00e1 y garantizar\u00e1 la participaci\u00f3n de los j\u00f3venes del\nMunicipio, desde sus diferentes \u00e1mbitos, en apoyo a la implementaci\u00f3n y\nrevisi\u00f3n de pol\u00edticas p\u00fablicas, programas y proyectos en materia de juventud en\nlos \u00e1mbitos de participaci\u00f3n ciudadana, sustentabilidad, emprendimiento,\nliderazgo social y problem\u00e1tica juvenil.<\/p>\n<div class='share-to-whatsapp-wrapper'><div class='share-on-whsp'>Share on: <\/div><a data-text='Ren\u00e1n apoya a j\u00f3venes para estudiar en el extranjero' data-link='https:\/\/visionpeninsular.com\/mid\/renan-apoya-a-jovenes-para-estudiar-en-el-extranjero\/' class='whatsapp-button whatsapp-share'>WhatsApp<\/a><div class='clear '><\/div><\/div>","protected":false},"excerpt":{"rendered":"<p>A propuesta del alcalde Ren\u00e1n Barrera Concha, en su sesi\u00f3n de instalaci\u00f3n, el Comit\u00e9 Municipal de Desarrollo Juvenil aprob\u00f3 la creaci\u00f3n de un fondo inicial de $400,000 para apoyar con gastos de traslado y manutenci\u00f3n a j\u00f3venes que hayan obtenido becas para estudiar en el extranjero. El mun\u00edcipe destac\u00f3 que el Ayuntamiento ofrece diferentes apoyos &hellip;<\/p>\n","protected":false},"author":5,"featured_media":95380,"comment_status":"open","ping_status":"open","sticky":false,"template":"","format":"standard","meta":{"_mi_skip_tracking":false},"categories":[49,37],"tags":[17044,41,17045,5338],"_links":{"self":[{"href":"https:\/\/visionpeninsular.com\/mid\/wp-json\/wp\/v2\/posts\/95375"}],"collection":[{"href":"https:\/\/visionpeninsular.com\/mid\/wp-json\/wp\/v2\/posts"}],"about":[{"href":"https:\/\/visionpeninsular.com\/mid\/wp-json\/wp\/v2\/types\/post"}],"author":[{"embeddable":true,"href":"https:\/\/visionpeninsular.com\/mid\/wp-json\/wp\/v2\/users\/5"}],"replies":[{"embeddable":true,"href":"https:\/\/visionpeninsular.com\/mid\/wp-json\/wp\/v2\/comments?post=95375"}],"version-history":[{"count":1,"href":"https:\/\/visionpeninsular.com\/mid\/wp-json\/wp\/v2\/posts\/95375\/revisions"}],"predecessor-version":[{"id":95385,"href":"https:\/\/visionpeninsular.com\/mid\/wp-json\/wp\/v2\/posts\/95375\/revisions\/95385"}],"wp:featuredmedia":[{"embeddable":true,"href":"https:\/\/visionpeninsular.com\/mid\/wp-json\/wp\/v2\/media\/95380"}],"wp:attachment":[{"href":"https:\/\/visionpeninsular.com\/mid\/wp-json\/wp\/v2\/media?parent=95375"}],"wp:term":[{"taxonomy":"category","embeddable":true,"href":"https:\/\/visionpeninsular.com\/mid\/wp-json\/wp\/v2\/categories?post=95375"},{"taxonomy":"post_tag","embeddable":true,"href":"https:\/\/visionpeninsular.com\/mid\/wp-json\/wp\/v2\/tags?post=95375"}],"curies":[{"name":"wp","href":"https:\/\/api.w.org\/{rel}","templated":true}]}}