{"id":94950,"date":"2019-08-06T15:27:54","date_gmt":"2019-08-06T20:27:54","guid":{"rendered":"http:\/\/visionpeninsular.com\/mid\/?p=94950"},"modified":"2019-08-06T15:28:02","modified_gmt":"2019-08-06T20:28:02","slug":"prefieren-un-parque-a-una-estacion-de-trenes","status":"publish","type":"post","link":"https:\/\/visionpeninsular.com\/mid\/prefieren-un-parque-a-una-estacion-de-trenes\/","title":{"rendered":"Prefieren un parque a una estaci\u00f3n de trenes"},"content":{"rendered":"\n<p><em>El Patronato para la\nConservaci\u00f3n del Centro Hist\u00f3rico propone crear corredores tur\u00edsticos<\/em><\/p>\n\n\n\n<p>El presidente del Patronato para la Conservaci\u00f3n del Centro\nHist\u00f3rico de M\u00e9rida, Enrique Ancona Teigell, indic\u00f3 que si bien el Tren Maya\npodr\u00eda ser un impulso para el turismo y un detonador para el desarrollo de la\nzona de La Plancha, ser\u00eda mejor que se haga el \u201cpulm\u00f3n verde\u201d que todos los\nciudadanos anhelan.<\/p>\n\n\n\n<p>&nbsp;\u201cEn lo particular, me\ngustaba m\u00e1s la idea de un pulm\u00f3n, de un parque, de revitalizar esa zona\u201d,\nsubray\u00f3 Ancona Teigell, ya que el proyecto del Gran Parque permitir\u00eda hacer un\ncorredor que pudiera conectar a otras calles, como la 59 o Paseo Montejo, algo\nque ser\u00eda m\u00e1s atractivo para la ciudad que tener una estaci\u00f3n de tren.<\/p>\n\n\n\n<p>Sin embargo, si la estaci\u00f3n es de flujo tur\u00edstico\ncontribuir\u00e1 a detonar esta parte del centro, aunque el parque es para todos los\nciudadanos.<\/p>\n\n\n\n<p>Ancona Teigell &nbsp;se\u00f1al\u00f3\nque debe haber mejoras en los mercados municipales, aprovecharlos m\u00e1s y\nrevitalizarlos para que sean m\u00e1s atractivos, refiri\u00e9ndose en especial al\nmercado de Santa Ana: \u201cHay que volverlo un mercado que tenga m\u00e1s opciones,\nmejorar las instalaciones, capacitar a quienes ofrecen los servicios para que\nla gente pueda ir y disfrutar\u201d, afirm\u00f3.<\/p>\n\n\n\n<p>Asimismo, indic\u00f3 &nbsp;loa\nnecesidad de contar con corredores articulados en la calle 47 para disfrutar\nm\u00e1s el centro de la ciudad, \u201cque se hagan trabajos de ampliaci\u00f3n de aceras,\nnivelarlas con la calle, hacerlos m\u00e1s atractivos, que haya ciertas\nrestricciones en algunos carriles para poder pasear, como se hace en M\u00e9rida en\nDomingo y Paseo de Montejo\u201d.<\/p>\n\n\n\n<p>A su vez, indic\u00f3 que es necesario restablecer ciertos\nproyectos que a\u00fan est\u00e1n en el tintero, como el de integrar en un solo corredor\nel \u00e1rea del Palacio de la M\u00fasica con el Parque de la Madre, a donde\ninicialmente se plante\u00f3 reubicar a los tr\u00edos y a la trova que hoy se encuentran\nen los alrededores de la plaza principal.<\/p>\n\n\n\n<p>\u201cYa hay la disposici\u00f3n por parte del alcalde para hacer algo\nen esa parte del Centro, aunque no hay fecha definida, tendr\u00eda que ser en el\ncorto plazo\u201d, a\u00f1adi\u00f3.<\/p>\n\n\n\n<p>Tambi\u00e9n, indic\u00f3 que se buscar\u00eda conectar la calle 59 con la\n60, que se convierta en un corredor art\u00edstico y cultural: \u201cLa propuesta es que\nMejorada sea un lugar para expresiones art\u00edsticas y culturales en forma\npermanente\u201d.<\/p>\n<div class='share-to-whatsapp-wrapper'><div class='share-on-whsp'>Share on: <\/div><a data-text='Prefieren un parque a una estaci\u00f3n de trenes' data-link='https:\/\/visionpeninsular.com\/mid\/prefieren-un-parque-a-una-estacion-de-trenes\/' class='whatsapp-button whatsapp-share'>WhatsApp<\/a><div class='clear '><\/div><\/div>","protected":false},"excerpt":{"rendered":"<p>El Patronato para la Conservaci\u00f3n del Centro Hist\u00f3rico propone crear corredores tur\u00edsticos El presidente del Patronato para la Conservaci\u00f3n del Centro Hist\u00f3rico de M\u00e9rida, Enrique Ancona Teigell, indic\u00f3 que si bien el Tren Maya podr\u00eda ser un impulso para el turismo y un detonador para el desarrollo de la zona de La Plancha, ser\u00eda mejor &hellip;<\/p>\n","protected":false},"author":5,"featured_media":94955,"comment_status":"open","ping_status":"open","sticky":false,"template":"","format":"standard","meta":{"_mi_skip_tracking":false},"categories":[50,37],"tags":[268,9934],"_links":{"self":[{"href":"https:\/\/visionpeninsular.com\/mid\/wp-json\/wp\/v2\/posts\/94950"}],"collection":[{"href":"https:\/\/visionpeninsular.com\/mid\/wp-json\/wp\/v2\/posts"}],"about":[{"href":"https:\/\/visionpeninsular.com\/mid\/wp-json\/wp\/v2\/types\/post"}],"author":[{"embeddable":true,"href":"https:\/\/visionpeninsular.com\/mid\/wp-json\/wp\/v2\/users\/5"}],"replies":[{"embeddable":true,"href":"https:\/\/visionpeninsular.com\/mid\/wp-json\/wp\/v2\/comments?post=94950"}],"version-history":[{"count":1,"href":"https:\/\/visionpeninsular.com\/mid\/wp-json\/wp\/v2\/posts\/94950\/revisions"}],"predecessor-version":[{"id":94960,"href":"https:\/\/visionpeninsular.com\/mid\/wp-json\/wp\/v2\/posts\/94950\/revisions\/94960"}],"wp:featuredmedia":[{"embeddable":true,"href":"https:\/\/visionpeninsular.com\/mid\/wp-json\/wp\/v2\/media\/94955"}],"wp:attachment":[{"href":"https:\/\/visionpeninsular.com\/mid\/wp-json\/wp\/v2\/media?parent=94950"}],"wp:term":[{"taxonomy":"category","embeddable":true,"href":"https:\/\/visionpeninsular.com\/mid\/wp-json\/wp\/v2\/categories?post=94950"},{"taxonomy":"post_tag","embeddable":true,"href":"https:\/\/visionpeninsular.com\/mid\/wp-json\/wp\/v2\/tags?post=94950"}],"curies":[{"name":"wp","href":"https:\/\/api.w.org\/{rel}","templated":true}]}}