{"id":93597,"date":"2019-07-25T14:39:50","date_gmt":"2019-07-25T19:39:50","guid":{"rendered":"http:\/\/visionpeninsular.com\/mid\/?p=93597"},"modified":"2019-07-25T14:39:56","modified_gmt":"2019-07-25T19:39:56","slug":"juicio-abreviado-y-sentencia-minima-a-padrastro-violador","status":"publish","type":"post","link":"https:\/\/visionpeninsular.com\/mid\/juicio-abreviado-y-sentencia-minima-a-padrastro-violador\/","title":{"rendered":"Juicio abreviado y sentencia m\u00ednima a padrastro violador"},"content":{"rendered":"\n<p>Un colombiano acusado de violar a su hijastra, se someti\u00f3 a\nun procedimiento de juicio abreaviado y pact\u00f3 con la el Ministerio P\u00fablico, una\nsentencia m\u00ednima de dos a\u00f1os y 9 meses de prisi\u00f3n, acuerdo que fue desaprobado\ny cuestionado por el juez.<\/p>\n\n\n\n<p>La &nbsp;condena de dos\na\u00f1os y nueve meses de prisi\u00f3n, es totalmente conmutable, y en unos cuantos d\u00edas\nel colombiano C\u00e9sar Roberto C\u00f3rdova estar\u00e1 en las calles, a pesar de que con\ntoda alevos\u00eda y ventaja trat\u00f3 de violar a una ni\u00f1a de 11 a\u00f1os, hecho que\nreconoci\u00f3 y pact\u00f3 en un juicio abreviado; &nbsp;el juez estuvo en desacuerdo con tan baja sentencia,\ny le hizo ver al procesado que si estuviera en sus manos la sanci\u00f3n ser\u00eda\nmayor, &nbsp;pero las partes ya la hab\u00edan\naprobado. No se le conden\u00f3 al pago de la reparaci\u00f3n del da\u00f1o, ya que la madre\nde la v\u00edctima se dio por reparada.<\/p>\n\n\n\n<p>Adem\u00e1s, como &nbsp;al\nsujeto se le conceden beneficios sustitutivos de prisi\u00f3n, en breve estar\u00e1 de\nnuevo en las calles.<\/p>\n\n\n\n<p>Los hechos se registraron el pasado 17 de abril de este a\u00f1o, cuando la menor de 11 a\u00f1os se encontraba sola en el domicilio con el sujeto supuestamente encargado de cuidarla. <\/p>\n<div class='share-to-whatsapp-wrapper'><div class='share-on-whsp'>Share on: <\/div><a data-text='Juicio abreviado y sentencia m\u00ednima a padrastro violador' data-link='https:\/\/visionpeninsular.com\/mid\/juicio-abreviado-y-sentencia-minima-a-padrastro-violador\/' class='whatsapp-button whatsapp-share'>WhatsApp<\/a><div class='clear '><\/div><\/div>","protected":false},"excerpt":{"rendered":"<p>Un colombiano acusado de violar a su hijastra, se someti\u00f3 a un procedimiento de juicio abreaviado y pact\u00f3 con la el Ministerio P\u00fablico, una sentencia m\u00ednima de dos a\u00f1os y 9 meses de prisi\u00f3n, acuerdo que fue desaprobado y cuestionado por el juez. La &nbsp;condena de dos a\u00f1os y nueve meses de prisi\u00f3n, es totalmente &hellip;<\/p>\n","protected":false},"author":5,"featured_media":93606,"comment_status":"open","ping_status":"open","sticky":false,"template":"","format":"standard","meta":{"_mi_skip_tracking":false},"categories":[50,37],"tags":[16870,6066],"_links":{"self":[{"href":"https:\/\/visionpeninsular.com\/mid\/wp-json\/wp\/v2\/posts\/93597"}],"collection":[{"href":"https:\/\/visionpeninsular.com\/mid\/wp-json\/wp\/v2\/posts"}],"about":[{"href":"https:\/\/visionpeninsular.com\/mid\/wp-json\/wp\/v2\/types\/post"}],"author":[{"embeddable":true,"href":"https:\/\/visionpeninsular.com\/mid\/wp-json\/wp\/v2\/users\/5"}],"replies":[{"embeddable":true,"href":"https:\/\/visionpeninsular.com\/mid\/wp-json\/wp\/v2\/comments?post=93597"}],"version-history":[{"count":1,"href":"https:\/\/visionpeninsular.com\/mid\/wp-json\/wp\/v2\/posts\/93597\/revisions"}],"predecessor-version":[{"id":93607,"href":"https:\/\/visionpeninsular.com\/mid\/wp-json\/wp\/v2\/posts\/93597\/revisions\/93607"}],"wp:featuredmedia":[{"embeddable":true,"href":"https:\/\/visionpeninsular.com\/mid\/wp-json\/wp\/v2\/media\/93606"}],"wp:attachment":[{"href":"https:\/\/visionpeninsular.com\/mid\/wp-json\/wp\/v2\/media?parent=93597"}],"wp:term":[{"taxonomy":"category","embeddable":true,"href":"https:\/\/visionpeninsular.com\/mid\/wp-json\/wp\/v2\/categories?post=93597"},{"taxonomy":"post_tag","embeddable":true,"href":"https:\/\/visionpeninsular.com\/mid\/wp-json\/wp\/v2\/tags?post=93597"}],"curies":[{"name":"wp","href":"https:\/\/api.w.org\/{rel}","templated":true}]}}