{"id":93473,"date":"2019-07-24T11:09:26","date_gmt":"2019-07-24T16:09:26","guid":{"rendered":"http:\/\/visionpeninsular.com\/mid\/?p=93473"},"modified":"2019-07-24T11:09:34","modified_gmt":"2019-07-24T16:09:34","slug":"marcos-bucio-mujica-nuevo-subsecretario-de-educacion-basica","status":"publish","type":"post","link":"https:\/\/visionpeninsular.com\/mid\/marcos-bucio-mujica-nuevo-subsecretario-de-educacion-basica\/","title":{"rendered":"Marcos Bucio M\u00fajica, nuevo Subsecretario de Educaci\u00f3n B\u00e1sica"},"content":{"rendered":"\n<p>Por: Erick Ju\u00e1rez Pineda<\/p>\n\n\n\n<p>Fuente: Educaci\u00f3n Futura<\/p>\n\n\n\n<p>Esteban Moctezuma Barrag\u00e1n, Secretario de Educaci\u00f3n P\u00fablica,\nnombr\u00f3 esta ma\u00f1ana al doctor Gilberto Guevara Niebla, como Coordinador de Estrategia\nInstitucional de la dependencia para que se encargue de instrumentar el Acuerdo\nNacional Educativo.<\/p>\n\n\n\n<p>El espacio que deja Guevara Niebla, ser\u00e1 ocupado por el\nlicenciado Marcos Bucio M\u00fajica, que anteriormente ocup\u00f3 la Direcci\u00f3n General\ndel Instituto Nacional para la Educaci\u00f3n de los Adultos (INEA).<\/p>\n\n\n\n<p>Bucio M\u00fajica es licenciado en Ciencias Pol\u00edticas y\nAdministraci\u00f3n P\u00fablica, Universidad Nacional Aut\u00f3noma de M\u00e9xico y Universidad\nAut\u00f3noma de Occidente.<\/p>\n\n\n\n<p>Fue Diputado Federal en la LVII Legislatura; Secretario\nParticular y Vocero de la Campa\u00f1a Presidencial de Francisco Labastida Ochoa;\nSecretario de Informaci\u00f3n y Propaganda del CEN del PRI; y Secretario de Gesti\u00f3n\nSocial del CEN del PRI.<\/p>\n\n\n\n<p>Tambi\u00e9n fue C\u00f3nsul General de M\u00e9xico en El Paso, asesor del\nGobernador Constitucional del Estado de Coahuila, coordinador General de\nDelegaciones de SAGARPA, director General de Talleres Gr\u00e1ficos de la Naci\u00f3n y\ncoordinador General de Participaci\u00f3n Social de la SEP.<\/p>\n\n\n\n<p>Tambi\u00e9n fue Secretario Particular del Gobernador\nConstitucional del Estado de Sinaloa, secretario Auxiliar del Secretario de\nEnerg\u00eda, Minas e Industria Paraestatal y Asesor del Subsecretario de Bienes\nInmuebles y Obras Urbanas.<\/p>\n<div class='share-to-whatsapp-wrapper'><div class='share-on-whsp'>Share on: <\/div><a data-text='Marcos Bucio M\u00fajica, nuevo Subsecretario de Educaci\u00f3n B\u00e1sica' data-link='https:\/\/visionpeninsular.com\/mid\/marcos-bucio-mujica-nuevo-subsecretario-de-educacion-basica\/' class='whatsapp-button whatsapp-share'>WhatsApp<\/a><div class='clear '><\/div><\/div>","protected":false},"excerpt":{"rendered":"<p>Por: Erick Ju\u00e1rez Pineda Fuente: Educaci\u00f3n Futura Esteban Moctezuma Barrag\u00e1n, Secretario de Educaci\u00f3n P\u00fablica, nombr\u00f3 esta ma\u00f1ana al doctor Gilberto Guevara Niebla, como Coordinador de Estrategia Institucional de la dependencia para que se encargue de instrumentar el Acuerdo Nacional Educativo. El espacio que deja Guevara Niebla, ser\u00e1 ocupado por el licenciado Marcos Bucio M\u00fajica, que &hellip;<\/p>\n","protected":false},"author":5,"featured_media":93478,"comment_status":"open","ping_status":"open","sticky":false,"template":"","format":"standard","meta":{"_mi_skip_tracking":false},"categories":[50,37],"tags":[16858,16857],"_links":{"self":[{"href":"https:\/\/visionpeninsular.com\/mid\/wp-json\/wp\/v2\/posts\/93473"}],"collection":[{"href":"https:\/\/visionpeninsular.com\/mid\/wp-json\/wp\/v2\/posts"}],"about":[{"href":"https:\/\/visionpeninsular.com\/mid\/wp-json\/wp\/v2\/types\/post"}],"author":[{"embeddable":true,"href":"https:\/\/visionpeninsular.com\/mid\/wp-json\/wp\/v2\/users\/5"}],"replies":[{"embeddable":true,"href":"https:\/\/visionpeninsular.com\/mid\/wp-json\/wp\/v2\/comments?post=93473"}],"version-history":[{"count":1,"href":"https:\/\/visionpeninsular.com\/mid\/wp-json\/wp\/v2\/posts\/93473\/revisions"}],"predecessor-version":[{"id":93479,"href":"https:\/\/visionpeninsular.com\/mid\/wp-json\/wp\/v2\/posts\/93473\/revisions\/93479"}],"wp:featuredmedia":[{"embeddable":true,"href":"https:\/\/visionpeninsular.com\/mid\/wp-json\/wp\/v2\/media\/93478"}],"wp:attachment":[{"href":"https:\/\/visionpeninsular.com\/mid\/wp-json\/wp\/v2\/media?parent=93473"}],"wp:term":[{"taxonomy":"category","embeddable":true,"href":"https:\/\/visionpeninsular.com\/mid\/wp-json\/wp\/v2\/categories?post=93473"},{"taxonomy":"post_tag","embeddable":true,"href":"https:\/\/visionpeninsular.com\/mid\/wp-json\/wp\/v2\/tags?post=93473"}],"curies":[{"name":"wp","href":"https:\/\/api.w.org\/{rel}","templated":true}]}}