{"id":93418,"date":"2019-07-23T13:05:08","date_gmt":"2019-07-23T18:05:08","guid":{"rendered":"http:\/\/visionpeninsular.com\/mid\/?p=93418"},"modified":"2019-07-23T13:05:17","modified_gmt":"2019-07-23T18:05:17","slug":"los-mal-portados","status":"publish","type":"post","link":"https:\/\/visionpeninsular.com\/mid\/los-mal-portados\/","title":{"rendered":"Los  mal  portados"},"content":{"rendered":"\n<p>JORGE CARRASCO ARAIZAGA<\/p>\n\n\n\n<p>Fuente: Proceso<\/p>\n\n\n\n<p>CIUDAD DE M\u00c9XICO (apro). \u2013 Cuando se convirti\u00f3 de manera\nformal en el candidato presidencial, Andr\u00e9s Manuel L\u00f3pez Obrador exalt\u00f3 la\nlibertad de expresi\u00f3n como uno de las fortalezas de la democracia. \u201cPrensa, m\u00e1s\nprensa\u201d, solt\u00f3 en su arenga para criticar lo que los gobiernos panistas hab\u00edan hecho\ncon algunos de sus cr\u00edticos.<\/p>\n\n\n\n<p>\u201cSostengo convicciones liberales de mediados del siglo XIX.\nLa prensa se corrige con la prensa. No va a haber censura. No se le va a quitar\nel programa a ning\u00fan comunicador. Nunca m\u00e1s lo que sucedi\u00f3 con Guti\u00e9rrez Viv\u00f3 a\ny con Carmen Aristegui\u201d, dijo cuando Morena oficializ\u00f3 su candidatura el 19 de\nfebrero de 2018.<\/p>\n\n\n\n<p>Se refer\u00eda as\u00ed al despido de Aristegui de MVS en medio de\nchantajes del gobierno de Felipe Cader\u00f3n al grupo radiof\u00f3nico y al cierre\ndurante el gobierno de Vicente Fox del noticiario Monitor que conduc\u00eda Jos\u00e9\nGuti\u00e9rrez Viv\u00f3, con la excusa de un conflicto empresarial del conductor con\nGrupo Radio Centro.<\/p>\n\n\n\n<p>Eran los tiempos de campa\u00f1a en que L\u00f3pez Obrador dec\u00eda lo\nque cada quien quer\u00eda escuchar. Como presidente ya dice lo que realmente\npiensa: prensa, m\u00e1s prensa, pero la que \u201cse porta bien\u201d.<\/p>\n\n\n\n<p>Thomas Jefferson, el principal autor de la Declaraci\u00f3n de\nIndependencia de Estados Unidos y tercer presidente de ese pa\u00eds, antes de\nllegar a la presidencia dijo que prefer\u00eda peri\u00f3dicos sin gobierno a un gobierno\nsin peri\u00f3dicos. La frase se convirti\u00f3 en s\u00edmbolo de la libertad de expresi\u00f3n\nhasta nuestros d\u00edas.<\/p>\n\n\n\n<p>Ya como presidente, Jefferson urgi\u00f3 a los estados de la\nUni\u00f3n a tomar \u201cunas cuantas precauciones\u201d para frenar a la prensa opositora.\nAfecto a escribir cartas, esa consideraci\u00f3n qued\u00f3 escrita en una de ellas. Se\ncuid\u00f3 de no hacer p\u00fablicas sus cr\u00edticas a lo que consideraba como abusos de la\nprensa.<\/p>\n\n\n\n<p>El poder, sin duda, se incomoda con la prensa. En el\nextremo, atentan contra ella, directa o indirectamente. En M\u00e9xico, las muestras\nest\u00e1n a la mano. En el siglo XIX, desde donde le gusta mirar al presidente, a\nla prensa le fue bastante mal tanto con los conservadores como con los\nliberales.<\/p>\n\n\n\n<p>Cuando los conservadores se hac\u00edan del poder, cerraban los\nmedios liberales y encarcelaban a sus editores, directores o redactores. Lo\nmismo hac\u00edan los liberales.<\/p>\n\n\n\n<p>La investigadora Elba Ch\u00e1vez Lomel\u00ed, en su libro Lo p\u00fablico\ny lo privado en los impresos decimon\u00f3nicos da cuenta de 352 procesos judiciales\ncontra la prensa entre 1812 y 1900.<\/p>\n\n\n\n<p>En promedio, cada a\u00f1o cuatro medios fueron cerrados o sus\ndirectivos y redactores encarcelados, desterrados, excomulgados o multados y\nlos ejemplares confiscados o destruidos bajo la acusaci\u00f3n de injurias,\nsubversi\u00f3n o sedici\u00f3n, ya con leyes mon\u00e1rquicas, conservadoras o liberales.<\/p>\n\n\n\n<p>El r\u00e9gimen del PRI tambi\u00e9n castigaba a los periodistas que\nse portaban mal, como a los que hac\u00edan Exc\u00e9lsior, encabezados por Julio Scherer\nGarc\u00eda, y a quienes el presidente Luis Echeverr\u00eda ech\u00f3 con un golpe a trasmano.\nFue en 1976, el mismo a\u00f1o que se fund\u00f3 la revista Proceso.<\/p>\n\n\n\n<p>Al siguiente mandatario, Jos\u00e9 L\u00f3pez Portillo tampoco le\ngustaba la revista y por portarse mal, es decir, criticarlo, le cort\u00f3 la\npublicidad oficial bajo la c\u00ednica frase: \u201cno pago para que me peguen\u201d. Fue en\n1982.<\/p>\n\n\n\n<p>Con el PAN pas\u00f3 lo mismo. El presidente Vicente Fox decidi\u00f3\nen 2005 cortar la publicidad a la revista por un reportaje de la periodista\nOlga Wornat sobre las maniobras de Martha Sahag\u00fan para que el Vaticano\ndeclarara nulo su matrimonio religioso con Manuel Bribiesca y poder casarse con\nel entonces presidente de la Rep\u00fablica. Sahag\u00fan, incluso, emprendi\u00f3 un juicio\ncivil que perdi\u00f3.<\/p>\n\n\n\n<p>Felipe Calder\u00f3n y Enrique Pe\u00f1a prolongaron y ahondaron ese\ncastigo. A diferencia del trato magn\u00e1nimo a los medios que se portaban bien; es\ndecir, a los que no los criticaban.<\/p>\n\n\n\n<p>No hay ni ha existido comodidad alguna, como pretende\nconfundir el presidente. La clase pol\u00edtica mexicana ha estado lejos de honrar\nlos principios internacionales de la libertad de expresi\u00f3n.<\/p>\n\n\n\n<p>En tiempos en que se han incrementado los asesinatos,\ndesaparici\u00f3n y amenazas contra periodistas desde el a\u00f1o 2000 -la gran paradoja\ndel cambio del poder en la presidencia- las descalificaciones a la prensa y los\nllamados a \u201cportarse bien\u201d por parte del presidente L\u00f3pez Obrador exacerban esa\nhostilidad.<\/p>\n\n\n\n<p>Aun cuando cumpla su palabra de que no se repitan casos como\nel de Aristegui y Guti\u00e9rrez Viv\u00f3, se vale de la prensa para alimentar su\nbatalla contra lo que llama conservadurismo. La prensa como un frente m\u00e1s en su\npretensi\u00f3n de pasar a la historia.<\/p>\n\n\n\n<p>@jorgecarrascoa<\/p>\n<div class='share-to-whatsapp-wrapper'><div class='share-on-whsp'>Share on: <\/div><a data-text='Los  mal  portados' data-link='https:\/\/visionpeninsular.com\/mid\/los-mal-portados\/' class='whatsapp-button whatsapp-share'>WhatsApp<\/a><div class='clear '><\/div><\/div>","protected":false},"excerpt":{"rendered":"<p>JORGE CARRASCO ARAIZAGA Fuente: Proceso CIUDAD DE M\u00c9XICO (apro). \u2013 Cuando se convirti\u00f3 de manera formal en el candidato presidencial, Andr\u00e9s Manuel L\u00f3pez Obrador exalt\u00f3 la libertad de expresi\u00f3n como uno de las fortalezas de la democracia. \u201cPrensa, m\u00e1s prensa\u201d, solt\u00f3 en su arenga para criticar lo que los gobiernos panistas hab\u00edan hecho con algunos &hellip;<\/p>\n","protected":false},"author":5,"featured_media":93423,"comment_status":"open","ping_status":"open","sticky":false,"template":"","format":"standard","meta":{"_mi_skip_tracking":false},"categories":[44],"tags":[13800,904,16852],"_links":{"self":[{"href":"https:\/\/visionpeninsular.com\/mid\/wp-json\/wp\/v2\/posts\/93418"}],"collection":[{"href":"https:\/\/visionpeninsular.com\/mid\/wp-json\/wp\/v2\/posts"}],"about":[{"href":"https:\/\/visionpeninsular.com\/mid\/wp-json\/wp\/v2\/types\/post"}],"author":[{"embeddable":true,"href":"https:\/\/visionpeninsular.com\/mid\/wp-json\/wp\/v2\/users\/5"}],"replies":[{"embeddable":true,"href":"https:\/\/visionpeninsular.com\/mid\/wp-json\/wp\/v2\/comments?post=93418"}],"version-history":[{"count":1,"href":"https:\/\/visionpeninsular.com\/mid\/wp-json\/wp\/v2\/posts\/93418\/revisions"}],"predecessor-version":[{"id":93424,"href":"https:\/\/visionpeninsular.com\/mid\/wp-json\/wp\/v2\/posts\/93418\/revisions\/93424"}],"wp:featuredmedia":[{"embeddable":true,"href":"https:\/\/visionpeninsular.com\/mid\/wp-json\/wp\/v2\/media\/93423"}],"wp:attachment":[{"href":"https:\/\/visionpeninsular.com\/mid\/wp-json\/wp\/v2\/media?parent=93418"}],"wp:term":[{"taxonomy":"category","embeddable":true,"href":"https:\/\/visionpeninsular.com\/mid\/wp-json\/wp\/v2\/categories?post=93418"},{"taxonomy":"post_tag","embeddable":true,"href":"https:\/\/visionpeninsular.com\/mid\/wp-json\/wp\/v2\/tags?post=93418"}],"curies":[{"name":"wp","href":"https:\/\/api.w.org\/{rel}","templated":true}]}}