{"id":9320,"date":"2016-08-06T07:41:17","date_gmt":"2016-08-06T12:41:17","guid":{"rendered":"http:\/\/visionpeninsular.com\/mid\/?p=9320"},"modified":"2016-08-06T07:41:17","modified_gmt":"2016-08-06T12:41:17","slug":"piden-estar-alertas-por-los-tres-meses-mas-criticos-en-la-temporada-de-huracanes","status":"publish","type":"post","link":"https:\/\/visionpeninsular.com\/mid\/piden-estar-alertas-por-los-tres-meses-mas-criticos-en-la-temporada-de-huracanes\/","title":{"rendered":"Piden estar alertas por los tres meses m\u00e1s cr\u00edticos en la temporada de huracanes"},"content":{"rendered":"<p>De agosto a octubre ser\u00e1n los meses m\u00e1s cr\u00edticos en la temporada de huracanes de este a\u00f1o, se\u00f1al\u00f3 la coordinaci\u00f3n Estatal de Protecci\u00f3n Civil, al indicar que actualmente se mantienen bajo vigilancia tres ondas tropicales. <\/p>\n<p>Al respecto, el Jefe de Meteorolog\u00eda de Protecci\u00f3n Civil, Jaime Villasano Espejo, relat\u00f3 que esta es la temporada en que se registr\u00e1n la formaci\u00f3n continua de ondas tropicales, tal es el caso de dos de ellas que se encuentran pr\u00e1cticamente en sucesi\u00f3n. <\/p>\n<p>En total son tres ondas que hasta el momento no representan riesgo para Quintana Roo pero que se mantienen bajo vigilancia, se trata de una ubicada al sur de Puerto Rico; otra en el Mar Caribe y una \u00faltima en la Costa Oeste de la Florida. <\/p>\n<p>\u201cEntramos de lleno a la etapa dentro de la temporada de huracanes donde empieza a generarse o tenerse mayor actividad cicl\u00f3nica. Previo a la generaci\u00f3n de este hurac\u00e1n (Earl) en d\u00edas pasados hab\u00edan varias saliendo de las costas de \u00c1frica y es un collar de actividad cicl\u00f3nica\u201d, explic\u00f3 Villasano Espejo. <\/p>\n<p>Cabe mencionar que al fen\u00f3meno se\u00f1alado se le denomina &#8220;C\u00faspide de la Monta\u00f1a&#8221;, que es una escalada de la actividad y que comienza a bajar en octubre, aunque la temporada termina el 30 de noviembre. <\/p>\n<p>En este sentido, es de se\u00f1alar que del 01 de junio a la fecha se han formado 25 ondas tropicales en el Mar Caribe, Golfo de M\u00e9xico y Oc\u00e9ano Atl\u00e1ntico. <\/p>\n<p>El funcionario Estatal recomend\u00f3 a la poblaci\u00f3n mantenerse atenta en lo que resta de la temporada por cualquier aviso o alerta. <\/p>\n<div class='share-to-whatsapp-wrapper'><div class='share-on-whsp'>Share on: <\/div><a data-text='Piden estar alertas por los tres meses m\u00e1s cr\u00edticos en la temporada de huracanes' data-link='https:\/\/visionpeninsular.com\/mid\/piden-estar-alertas-por-los-tres-meses-mas-criticos-en-la-temporada-de-huracanes\/' class='whatsapp-button whatsapp-share'>WhatsApp<\/a><div class='clear '><\/div><\/div>","protected":false},"excerpt":{"rendered":"<p>De agosto a octubre ser\u00e1n los meses m\u00e1s cr\u00edticos en la temporada de huracanes de este a\u00f1o, se\u00f1al\u00f3 la coordinaci\u00f3n Estatal de Protecci\u00f3n Civil, al indicar que actualmente se mantienen bajo vigilancia tres ondas tropicales. Al respecto, el Jefe de Meteorolog\u00eda de Protecci\u00f3n Civil, Jaime Villasano Espejo, relat\u00f3 que esta es la temporada en que &hellip;<\/p>\n","protected":false},"author":1,"featured_media":9268,"comment_status":"open","ping_status":"open","sticky":false,"template":"","format":"standard","meta":{"_mi_skip_tracking":false},"categories":[47],"tags":[138,1987],"_links":{"self":[{"href":"https:\/\/visionpeninsular.com\/mid\/wp-json\/wp\/v2\/posts\/9320"}],"collection":[{"href":"https:\/\/visionpeninsular.com\/mid\/wp-json\/wp\/v2\/posts"}],"about":[{"href":"https:\/\/visionpeninsular.com\/mid\/wp-json\/wp\/v2\/types\/post"}],"author":[{"embeddable":true,"href":"https:\/\/visionpeninsular.com\/mid\/wp-json\/wp\/v2\/users\/1"}],"replies":[{"embeddable":true,"href":"https:\/\/visionpeninsular.com\/mid\/wp-json\/wp\/v2\/comments?post=9320"}],"version-history":[{"count":1,"href":"https:\/\/visionpeninsular.com\/mid\/wp-json\/wp\/v2\/posts\/9320\/revisions"}],"predecessor-version":[{"id":9321,"href":"https:\/\/visionpeninsular.com\/mid\/wp-json\/wp\/v2\/posts\/9320\/revisions\/9321"}],"wp:featuredmedia":[{"embeddable":true,"href":"https:\/\/visionpeninsular.com\/mid\/wp-json\/wp\/v2\/media\/9268"}],"wp:attachment":[{"href":"https:\/\/visionpeninsular.com\/mid\/wp-json\/wp\/v2\/media?parent=9320"}],"wp:term":[{"taxonomy":"category","embeddable":true,"href":"https:\/\/visionpeninsular.com\/mid\/wp-json\/wp\/v2\/categories?post=9320"},{"taxonomy":"post_tag","embeddable":true,"href":"https:\/\/visionpeninsular.com\/mid\/wp-json\/wp\/v2\/tags?post=9320"}],"curies":[{"name":"wp","href":"https:\/\/api.w.org\/{rel}","templated":true}]}}