{"id":9318,"date":"2016-08-06T07:25:19","date_gmt":"2016-08-06T12:25:19","guid":{"rendered":"http:\/\/visionpeninsular.com\/mid\/?p=9318"},"modified":"2016-08-06T07:25:19","modified_gmt":"2016-08-06T12:25:19","slug":"problemas-del-sector-energetico-le-han-costado-a-campeche-mas-de-22-mil-empleos-amc","status":"publish","type":"post","link":"https:\/\/visionpeninsular.com\/mid\/problemas-del-sector-energetico-le-han-costado-a-campeche-mas-de-22-mil-empleos-amc\/","title":{"rendered":"Problemas del sector energ\u00e9tico le han costado a Campeche m\u00e1s de 22 mil empleos: AMC"},"content":{"rendered":"<p>El Gobernador de Campeche, Alejandro Moreno C\u00e1rdenas admiti\u00f3 que &#8220;la crisis m\u00e1s severa que vivimos en el municipio y estado petrolero de M\u00e9xico que es Campeche, es una p\u00e9rdida de m\u00e1s de 22 mil empleos directos e indirectos en el sector energ\u00e9tico&#8221;.<\/p>\n<p>Como se recordar\u00e1 desde hace meses el precio internacional del Petr\u00f3leo ha reportado ca\u00eddas que han afectado enormemente a Campeche ya que es una de las entidades cuya mayor parte de la econom\u00eda depende del crudo. <\/p>\n<p>En este sentido, el mandatario admiti\u00f3 que en la Entidad la econom\u00eda se encontraba &#8220;petrolizada&#8221; es decir, giraba al rededor del Petr\u00f3leo, sea directa e indirectamente, como es el caso de El Carmen donde m\u00e1s de mil empresas est\u00e1n relacionadas con el sector. <\/p>\n<p>Sin embargo, ahora se trabaja en despetrolizar la econom\u00eda de la Entidad, y en obtener apoyos que impulsen otros sectores econ\u00f3micos, se\u00f1al\u00f3. <\/p>\n<div class='share-to-whatsapp-wrapper'><div class='share-on-whsp'>Share on: <\/div><a data-text='Problemas del sector energ\u00e9tico le han costado a Campeche m\u00e1s de 22 mil empleos: AMC' data-link='https:\/\/visionpeninsular.com\/mid\/problemas-del-sector-energetico-le-han-costado-a-campeche-mas-de-22-mil-empleos-amc\/' class='whatsapp-button whatsapp-share'>WhatsApp<\/a><div class='clear '><\/div><\/div>","protected":false},"excerpt":{"rendered":"<p>El Gobernador de Campeche, Alejandro Moreno C\u00e1rdenas admiti\u00f3 que &#8220;la crisis m\u00e1s severa que vivimos en el municipio y estado petrolero de M\u00e9xico que es Campeche, es una p\u00e9rdida de m\u00e1s de 22 mil empleos directos e indirectos en el sector energ\u00e9tico&#8221;. Como se recordar\u00e1 desde hace meses el precio internacional del Petr\u00f3leo ha reportado &hellip;<\/p>\n","protected":false},"author":1,"featured_media":4551,"comment_status":"open","ping_status":"open","sticky":false,"template":"","format":"standard","meta":{"_mi_skip_tracking":false},"categories":[45],"tags":[186,245,81],"_links":{"self":[{"href":"https:\/\/visionpeninsular.com\/mid\/wp-json\/wp\/v2\/posts\/9318"}],"collection":[{"href":"https:\/\/visionpeninsular.com\/mid\/wp-json\/wp\/v2\/posts"}],"about":[{"href":"https:\/\/visionpeninsular.com\/mid\/wp-json\/wp\/v2\/types\/post"}],"author":[{"embeddable":true,"href":"https:\/\/visionpeninsular.com\/mid\/wp-json\/wp\/v2\/users\/1"}],"replies":[{"embeddable":true,"href":"https:\/\/visionpeninsular.com\/mid\/wp-json\/wp\/v2\/comments?post=9318"}],"version-history":[{"count":1,"href":"https:\/\/visionpeninsular.com\/mid\/wp-json\/wp\/v2\/posts\/9318\/revisions"}],"predecessor-version":[{"id":9319,"href":"https:\/\/visionpeninsular.com\/mid\/wp-json\/wp\/v2\/posts\/9318\/revisions\/9319"}],"wp:featuredmedia":[{"embeddable":true,"href":"https:\/\/visionpeninsular.com\/mid\/wp-json\/wp\/v2\/media\/4551"}],"wp:attachment":[{"href":"https:\/\/visionpeninsular.com\/mid\/wp-json\/wp\/v2\/media?parent=9318"}],"wp:term":[{"taxonomy":"category","embeddable":true,"href":"https:\/\/visionpeninsular.com\/mid\/wp-json\/wp\/v2\/categories?post=9318"},{"taxonomy":"post_tag","embeddable":true,"href":"https:\/\/visionpeninsular.com\/mid\/wp-json\/wp\/v2\/tags?post=9318"}],"curies":[{"name":"wp","href":"https:\/\/api.w.org\/{rel}","templated":true}]}}