{"id":92987,"date":"2019-07-20T11:43:10","date_gmt":"2019-07-20T16:43:10","guid":{"rendered":"http:\/\/visionpeninsular.com\/mid\/?p=92987"},"modified":"2019-07-20T11:44:44","modified_gmt":"2019-07-20T16:44:44","slug":"joven-que-apoyo-guillermo-del-toro-gana-medalla-de-plata-en-olimpiada-de-matematicas","status":"publish","type":"post","link":"https:\/\/visionpeninsular.com\/mid\/joven-que-apoyo-guillermo-del-toro-gana-medalla-de-plata-en-olimpiada-de-matematicas\/","title":{"rendered":"Joven que apoy\u00f3 Guillermo del Toro gana medalla de plata en Olimpiada de Matem\u00e1ticas"},"content":{"rendered":"\n<p>Fuente: El Financiero<\/p>\n\n\n\n<p><em>Los j\u00f3venes matem\u00e1ticos compartieron sus triunfos en la Olimpiada Internacional de Matem\u00e1ticas en Reino Unido.<\/em><\/p>\n\n\n\n<p>Bruno, uno de los j\u00f3venes que apoy\u00f3 Guillermo del Toro, agradeci\u00f3\nal cineasta mexicano, y comparti\u00f3 su triunfo al obtener la medalla de plata en\nsu participaci\u00f3n en la Olimpiada Internacional de Matem\u00e1ticas en Reino Unido.<\/p>\n\n\n\n<p>\u201cMaestro Guillermo del Toro, que sea usted el primero en saberlo: \u00a1M\u00e9xico gana una medalla de plata en la @imo2019 (Olimpiada Internacional de Matem\u00e1ticas de Reino Unido 2019)!\u201d, escribi\u00f3 en la cuenta oficial de Twitter de la Olimpiada de Matem\u00e1ticas de la Ciudad de M\u00e9xico.<\/p>\n\n\n\n<figure class=\"wp-block-embed-twitter wp-block-embed is-type-rich is-provider-twitter\"><div class=\"wp-block-embed__wrapper\">\n<blockquote class=\"twitter-tweet\" data-width=\"550\" data-dnt=\"true\"><p lang=\"es\" dir=\"ltr\"><a href=\"https:\/\/twitter.com\/hashtag\/ULTIMAHORA?src=hash&amp;ref_src=twsrc%5Etfw\">#ULTIMAHORA<\/a> Maestro <a href=\"https:\/\/twitter.com\/RealGDT?ref_src=twsrc%5Etfw\">@RealGDT<\/a>, que sea usted el primero en saberlo: \u00a1M\u00e9xico gana una medalla de plata ? en la <a href=\"https:\/\/twitter.com\/imo2019?ref_src=twsrc%5Etfw\">@imo2019<\/a>! En un momento m\u00e1s informaci\u00f3n&#8230; lo logr\u00f3 Bruno, de Colima ?????? <a href=\"https:\/\/twitter.com\/hashtag\/porquesoymexicano?src=hash&amp;ref_src=twsrc%5Etfw\">#porquesoymexicano<\/a> <a href=\"https:\/\/twitter.com\/hashtag\/SomosOl%C3%ADmpicos?src=hash&amp;ref_src=twsrc%5Etfw\">#SomosOl\u00edmpicos<\/a> <a href=\"https:\/\/t.co\/GlpOwph7rX\">pic.twitter.com\/GlpOwph7rX<\/a><\/p>&mdash; Matem\u00e1ticasCDMX (@CDMXOMM) <a href=\"https:\/\/twitter.com\/CDMXOMM\/status\/1152343382385033216?ref_src=twsrc%5Etfw\">July 19, 2019<\/a><\/blockquote><script async src=\"https:\/\/platform.twitter.com\/widgets.js\" charset=\"utf-8\"><\/script>\n<\/div><\/figure>\n\n\n\n<p>Cabe recordar que los j\u00f3venes solicitaron donativos con el fin de viajar a Sud\u00e1frica en agosto, para participar en otra de las olimpiadas internacionales de matem\u00e1ticas, en donde el cineasta se ofreci\u00f3 a apoyarlos econ\u00f3micamente.<\/p>\n\n\n\n<figure class=\"wp-block-embed-twitter wp-block-embed is-type-rich is-provider-twitter\"><div class=\"wp-block-embed__wrapper\">\n<blockquote class=\"twitter-tweet\" data-width=\"550\" data-dnt=\"true\"><p lang=\"es\" dir=\"ltr\">Ana Paula y Tom\u00e1s, de la CDMX (ambos en su primera participaci\u00f3n en la <a href=\"https:\/\/twitter.com\/hashtag\/IMO?src=hash&amp;ref_src=twsrc%5Etfw\">#IMO<\/a>), y Eric de Nuevo Le\u00f3n se suben al podio ol\u00edmpico con medalla de bronce ???Brav\u00edsimo, equipo! ???? <a href=\"https:\/\/twitter.com\/RealGDT?ref_src=twsrc%5Etfw\">@RealGDT<\/a> <a href=\"https:\/\/t.co\/d5zEPFAArJ\">pic.twitter.com\/d5zEPFAArJ<\/a><\/p>&mdash; Matem\u00e1ticasCDMX (@CDMXOMM) <a href=\"https:\/\/twitter.com\/CDMXOMM\/status\/1152346342087200768?ref_src=twsrc%5Etfw\">July 19, 2019<\/a><\/blockquote><script async src=\"https:\/\/platform.twitter.com\/widgets.js\" charset=\"utf-8\"><\/script>\n<\/div><\/figure>\n\n\n\n<p>Asimismo, otros j\u00f3venes participantes obtuvieron medalla de bronce en el evento del IMO, como es el caso de Ana Paula y Tom\u00e1s, de la Ciudad de M\u00e9xico, y Eric, de Nuevo Le\u00f3n.<\/p>\n\n\n\n<figure class=\"wp-block-embed-twitter wp-block-embed is-type-rich is-provider-twitter\"><div class=\"wp-block-embed__wrapper\">\n<blockquote class=\"twitter-tweet\" data-width=\"550\" data-dnt=\"true\"><p lang=\"es\" dir=\"ltr\">Pablo de Nuevo Le\u00f3n y Diego de Jalisco obtienen menci\u00f3n honor\u00edfica, en conjunto el equipo mexicano logra 111 puntos, ubic\u00e1ndose en el puesto 41 de 112 pa\u00edses en la <a href=\"https:\/\/twitter.com\/imo2019?ref_src=twsrc%5Etfw\">@imo2019<\/a> ??????\u00a1Viva, M\u00e9xico!?? <a href=\"https:\/\/t.co\/zMTi8FqqEN\">pic.twitter.com\/zMTi8FqqEN<\/a><\/p>&mdash; Matem\u00e1ticasCDMX (@CDMXOMM) <a href=\"https:\/\/twitter.com\/CDMXOMM\/status\/1152346359329988608?ref_src=twsrc%5Etfw\">July 19, 2019<\/a><\/blockquote><script async src=\"https:\/\/platform.twitter.com\/widgets.js\" charset=\"utf-8\"><\/script>\n<\/div><\/figure>\n\n\n\n<p>Por su parte, Pablo (Nuevo Le\u00f3n) y Diego (Jalisco)\nobtuvieron menci\u00f3n honor\u00edfica. En conjunto, el equipo mexicano logr\u00f3 111\npuntos, ubic\u00e1ndose en el puesto 41 de 112 pa\u00edses participantes.<\/p>\n<div class='share-to-whatsapp-wrapper'><div class='share-on-whsp'>Share on: <\/div><a data-text='Joven que apoy\u00f3 Guillermo del Toro gana medalla de plata en Olimpiada de Matem\u00e1ticas' data-link='https:\/\/visionpeninsular.com\/mid\/joven-que-apoyo-guillermo-del-toro-gana-medalla-de-plata-en-olimpiada-de-matematicas\/' class='whatsapp-button whatsapp-share'>WhatsApp<\/a><div class='clear '><\/div><\/div>","protected":false},"excerpt":{"rendered":"<p>Fuente: El Financiero Los j\u00f3venes matem\u00e1ticos compartieron sus triunfos en la Olimpiada Internacional de Matem\u00e1ticas en Reino Unido. Bruno, uno de los j\u00f3venes que apoy\u00f3 Guillermo del Toro, agradeci\u00f3 al cineasta mexicano, y comparti\u00f3 su triunfo al obtener la medalla de plata en su participaci\u00f3n en la Olimpiada Internacional de Matem\u00e1ticas en Reino Unido. \u201cMaestro &hellip;<\/p>\n","protected":false},"author":5,"featured_media":93028,"comment_status":"open","ping_status":"open","sticky":false,"template":"","format":"standard","meta":{"_mi_skip_tracking":false},"categories":[50,37],"tags":[16819,16817,16820],"_links":{"self":[{"href":"https:\/\/visionpeninsular.com\/mid\/wp-json\/wp\/v2\/posts\/92987"}],"collection":[{"href":"https:\/\/visionpeninsular.com\/mid\/wp-json\/wp\/v2\/posts"}],"about":[{"href":"https:\/\/visionpeninsular.com\/mid\/wp-json\/wp\/v2\/types\/post"}],"author":[{"embeddable":true,"href":"https:\/\/visionpeninsular.com\/mid\/wp-json\/wp\/v2\/users\/5"}],"replies":[{"embeddable":true,"href":"https:\/\/visionpeninsular.com\/mid\/wp-json\/wp\/v2\/comments?post=92987"}],"version-history":[{"count":2,"href":"https:\/\/visionpeninsular.com\/mid\/wp-json\/wp\/v2\/posts\/92987\/revisions"}],"predecessor-version":[{"id":93034,"href":"https:\/\/visionpeninsular.com\/mid\/wp-json\/wp\/v2\/posts\/92987\/revisions\/93034"}],"wp:featuredmedia":[{"embeddable":true,"href":"https:\/\/visionpeninsular.com\/mid\/wp-json\/wp\/v2\/media\/93028"}],"wp:attachment":[{"href":"https:\/\/visionpeninsular.com\/mid\/wp-json\/wp\/v2\/media?parent=92987"}],"wp:term":[{"taxonomy":"category","embeddable":true,"href":"https:\/\/visionpeninsular.com\/mid\/wp-json\/wp\/v2\/categories?post=92987"},{"taxonomy":"post_tag","embeddable":true,"href":"https:\/\/visionpeninsular.com\/mid\/wp-json\/wp\/v2\/tags?post=92987"}],"curies":[{"name":"wp","href":"https:\/\/api.w.org\/{rel}","templated":true}]}}