{"id":92825,"date":"2019-07-19T12:19:24","date_gmt":"2019-07-19T17:19:24","guid":{"rendered":"http:\/\/visionpeninsular.com\/mid\/?p=92825"},"modified":"2019-07-19T12:28:12","modified_gmt":"2019-07-19T17:28:12","slug":"cae-ex-gerente-de-seguridad-de-pemex-por-huachicoleo","status":"publish","type":"post","link":"https:\/\/visionpeninsular.com\/mid\/cae-ex-gerente-de-seguridad-de-pemex-por-huachicoleo\/","title":{"rendered":"Cae ex gerente de seguridad de Pemex por huachicoleo"},"content":{"rendered":"\n<p>Fuente: Uno TV<\/p>\n\n\n\n<p>La Fiscal\u00eda General de la Rep\u00fablica (FGR) aprehendi\u00f3 este jueves en Guerrero a S\u00f3crates Alfredo \u201cH\u201d, exgeneral de brigada que fungi\u00f3 como gerente de Seguridad F\u00edsica de Petr\u00f3leos Mexicanos (Pemex), por su \u201cprobable responsabilidad\u201d en el robo de hidrocarburos (huachicoleo).<\/p>\n\n\n\n<p>S\u00f3crates \u201cH\u201d fue detenido en el estado de Guerrero, con\npleno respeto a sus derechos humanos, sin uso de violencia ni afectaci\u00f3n a\nterceros, para ser puesto a disposici\u00f3n de la autoridad judicial del Centro de\nJusticia Penal Federal en Almoloya de Ju\u00e1rez, Estado de M\u00e9xico&#8221;.\nComunicado de FGR<\/p>\n\n\n\n<p>En un comunicado, la dependencia agreg\u00f3 que el imputado fue\nenviado al Centro de Justicia Penal Federal en Almoloya de Ju\u00e1rez, Estado de\nM\u00e9xico, mejor conocido como El Altiplano; sus \u00faltimas actividades se realizaron\ncomo segundo a bordo del general Eduardo Le\u00f3n Trauwitz, de 2016 a 2017, quien\ntambi\u00e9n es se\u00f1alado como presunto responsable de robo de hidrocarburos y est\u00e1\npr\u00f3fugo de la justicia.<\/p>\n\n\n\n<p>Antes de su \u00faltimo cargo en la paraestatal, se desempe\u00f1\u00f3 como Coordinador Especialista \u201cA\u201d (puesto de Subgerente de Operaciones) en el per\u00edodo 2015 a 2016.&nbsp; <\/p>\n\n\n\n<p><\/p>\n<div class='share-to-whatsapp-wrapper'><div class='share-on-whsp'>Share on: <\/div><a data-text='Cae ex gerente de seguridad de Pemex por huachicoleo' data-link='https:\/\/visionpeninsular.com\/mid\/cae-ex-gerente-de-seguridad-de-pemex-por-huachicoleo\/' class='whatsapp-button whatsapp-share'>WhatsApp<\/a><div class='clear '><\/div><\/div>","protected":false},"excerpt":{"rendered":"<p>Fuente: Uno TV La Fiscal\u00eda General de la Rep\u00fablica (FGR) aprehendi\u00f3 este jueves en Guerrero a S\u00f3crates Alfredo \u201cH\u201d, exgeneral de brigada que fungi\u00f3 como gerente de Seguridad F\u00edsica de Petr\u00f3leos Mexicanos (Pemex), por su \u201cprobable responsabilidad\u201d en el robo de hidrocarburos (huachicoleo). S\u00f3crates \u201cH\u201d fue detenido en el estado de Guerrero, con pleno respeto &hellip;<\/p>\n","protected":false},"author":5,"featured_media":92845,"comment_status":"open","ping_status":"open","sticky":false,"template":"","format":"standard","meta":{"_mi_skip_tracking":false},"categories":[50,37],"tags":[79],"_links":{"self":[{"href":"https:\/\/visionpeninsular.com\/mid\/wp-json\/wp\/v2\/posts\/92825"}],"collection":[{"href":"https:\/\/visionpeninsular.com\/mid\/wp-json\/wp\/v2\/posts"}],"about":[{"href":"https:\/\/visionpeninsular.com\/mid\/wp-json\/wp\/v2\/types\/post"}],"author":[{"embeddable":true,"href":"https:\/\/visionpeninsular.com\/mid\/wp-json\/wp\/v2\/users\/5"}],"replies":[{"embeddable":true,"href":"https:\/\/visionpeninsular.com\/mid\/wp-json\/wp\/v2\/comments?post=92825"}],"version-history":[{"count":2,"href":"https:\/\/visionpeninsular.com\/mid\/wp-json\/wp\/v2\/posts\/92825\/revisions"}],"predecessor-version":[{"id":92846,"href":"https:\/\/visionpeninsular.com\/mid\/wp-json\/wp\/v2\/posts\/92825\/revisions\/92846"}],"wp:featuredmedia":[{"embeddable":true,"href":"https:\/\/visionpeninsular.com\/mid\/wp-json\/wp\/v2\/media\/92845"}],"wp:attachment":[{"href":"https:\/\/visionpeninsular.com\/mid\/wp-json\/wp\/v2\/media?parent=92825"}],"wp:term":[{"taxonomy":"category","embeddable":true,"href":"https:\/\/visionpeninsular.com\/mid\/wp-json\/wp\/v2\/categories?post=92825"},{"taxonomy":"post_tag","embeddable":true,"href":"https:\/\/visionpeninsular.com\/mid\/wp-json\/wp\/v2\/tags?post=92825"}],"curies":[{"name":"wp","href":"https:\/\/api.w.org\/{rel}","templated":true}]}}