{"id":92231,"date":"2019-07-15T09:25:26","date_gmt":"2019-07-15T14:25:26","guid":{"rendered":"http:\/\/visionpeninsular.com\/mid\/?p=92231"},"modified":"2019-07-15T09:25:38","modified_gmt":"2019-07-15T14:25:38","slug":"mauricio-vila-dosal-asiste-reunion-de-la-estrategia-de-seguridad-y-migracion-de-la-zona-sur-sureste","status":"publish","type":"post","link":"https:\/\/visionpeninsular.com\/mid\/mauricio-vila-dosal-asiste-reunion-de-la-estrategia-de-seguridad-y-migracion-de-la-zona-sur-sureste\/","title":{"rendered":"Mauricio Vila Dosal asiste a reuni\u00f3n de la Estrategia de Seguridad y Migraci\u00f3n de la Zona Sur- Sureste"},"content":{"rendered":"\n<p><em>-El encuentro cont\u00f3\ncon la presencia de Gobernadores de la regi\u00f3n y los secretarios de Gobernaci\u00f3n,\nOlga S\u00e1nchez Cordero; de Relaciones Exteriores, Marcelo Ebrard Casaub\u00f3n; de\nSeguridad y Protecci\u00f3n Ciudadana, Alfonso Durazo Monta\u00f1o; de Defensa, Luis\nCresencio Sandoval; y de Marina, Jos\u00e9 Rafael Ojeda Dur\u00e1n.<\/em><\/p>\n\n\n\n<p>El Gobernador Mauricio Vila Dosal acudi\u00f3 a la reuni\u00f3n de\ntrabajo y evaluaci\u00f3n de la Estrategia de Seguridad y Migraci\u00f3n de la Zona Sur-\nSureste, donde se analiz\u00f3 la situaci\u00f3n migratoria de la regi\u00f3n y se presentaron\nlos avances y retos de la estrategia de seguridad en la zona.<\/p>\n\n\n\n<p>Vila Dosal asisti\u00f3 a este encuentro junto con los\nsecretarios de Gobernaci\u00f3n, Olga S\u00e1nchez Cordero; de Relaciones Exteriores,\nMarcelo Ebrard Casaub\u00f3n; de Seguridad y Protecci\u00f3n Ciudadana, Alfonso Durazo\nMonta\u00f1o; de Defensa, General de Divisi\u00f3n Luis Cresencio Sandoval; de Marina,\nAlmirante Jos\u00e9 Rafael Ojeda Dur\u00e1n; as\u00ed como los Gobernadores de Chiapas,\nRutilio Escand\u00f3n Cadenas; Tabasco, Ad\u00e1n Augusto L\u00f3pez Hern\u00e1ndez; Campeche,\nCarlos Miguel Aysa Gonz\u00e1lez; Quintana Roo, Carlos Joaqu\u00edn Gonz\u00e1lez; Oaxaca,\nAlejandro Murat Hinojosa y Veracruz, Cuitl\u00e1huac Garc\u00eda Jim\u00e9nez.<\/p>\n\n\n\n<p>Durante la reuni\u00f3n, el Gobernador de Yucat\u00e1n, los\nsecretarios del Gobierno federal y los dem\u00e1s Gobernadores acordaron continuar\nsumando esfuerzos para mejorar las condiciones de seguridad en el sureste de\nM\u00e9xico, a fin de que esto se convierta en un detonante del desarrollo de la regi\u00f3n.\n<\/p>\n\n\n\n<p>En ese marco, Vila Dosal inform\u00f3 que, de enero a junio, se\ndetectaron 152 migrantes en situaci\u00f3n irregular, de los cuales el 48% viene de\nCentroam\u00e9rica. Igualmente, indic\u00f3, se tiene registro de 28 personas en estaci\u00f3n\nmigratoria, que se encuentran en proceso administrativo, de las cuales 14 son\nhondure\u00f1as y 2, de Guatemala.<\/p>\n\n\n\n<p>El Gobernador se\u00f1al\u00f3 que, a consecuencia de la movilidad en\nsureste, en junio y julio se present\u00f3 un crecimiento no de gran impacto, pero\ns\u00ed significativo en el flujo de migrantes, por lo que se ha establecido acci\u00f3n\ncoordinada con las autoridades de la Mesa de Seguridad para operativos y estar\npreparados en caso de que contin\u00fae este crecimiento.<\/p>\n\n\n\n<p>Hay que destacar que, en materia de seguridad, Yucat\u00e1n\ndesarrolla diversas acciones para garantizar la paz y tranquilidad en el\nterritorio, entre ellas el Grupo Multidisciplinario de Justicia para combatir\nla impunidad, el cual ha sido considerado por la Secretar\u00eda de Gobernaci\u00f3n\n(Segob) como un ejemplo digno de replicarse en el pa\u00eds.<\/p>\n\n\n\n<p>De igual manera, en la gesti\u00f3n de Vila Dosal se han\nimpulsado importantes acciones en favor de la seguridad en el estado y muestra\nde ello es que la Secretar\u00eda de Seguridad P\u00fablica (SSP) fue de las \u00fanicas\ndependencias que percibieron un incremento en su presupuesto, es decir, 400\nmillones de pesos adicionales, lo que se ve reflejado en la adquisici\u00f3n de 353\npatrullas, la incorporaci\u00f3n de 300 nuevos agentes y el arrendamiento de un\nhelic\u00f3ptero para blindar la frontera con Quintana Roo. Mientras que, para fortalecer\nla infraestructura de la corporaci\u00f3n, entreg\u00f3 modernos equipos de comunicaci\u00f3n,\nas\u00ed como armamento.<\/p>\n\n\n\n<p>Adem\u00e1s, est\u00e1 mejorando las condiciones laborales de los\npolic\u00edas y sus familias a trav\u00e9s de la oportunidad de tener acceso a cr\u00e9ditos\naccesibles que les permitan adquirir una vivienda digna y un programa de becas\ndel 100% dirigidas a todos los hijos de polic\u00edas estatales que quieran estudiar\nla universidad, ya sea p\u00fablica o privada.<\/p>\n\n\n\n<p>Desde la Sala Belisario Dom\u00ednguez de la sede del Poder\nEjecutivo de Chiapas, tambi\u00e9n se trabaj\u00f3 en torno a la estrategia de atenci\u00f3n\nintegral a los flujos migratorios y en la puesta en marcha del Plan de\nDesarrollo Integral El Salvador-Guatemala-Honduras-M\u00e9xico.<\/p>\n\n\n\n<p>A la reuni\u00f3n tambi\u00e9n asistieron los comisionados del Instituto\nNacional de Migraci\u00f3n, Francisco Gardu\u00f1o Y\u00e1\u00f1ez; y el Nacional de Inteligencia,\nAudomaro Mart\u00ednez Zapata; el director de Asuntos Especiales, Julio C\u00e9sar\nS\u00e1nchez Amaya; subsecretario para Am\u00e9rica Latina y el Caribe, Maximiliano Reyes\nZ\u00fa\u00f1iga; y el Comandante de la VII Regi\u00f3n Militar, Juan Ernesto Antonio Bernal\nReyes.<\/p>\n<div class='share-to-whatsapp-wrapper'><div class='share-on-whsp'>Share on: <\/div><a data-text='Mauricio Vila Dosal asiste a reuni\u00f3n de la Estrategia de Seguridad y Migraci\u00f3n de la Zona Sur- Sureste' data-link='https:\/\/visionpeninsular.com\/mid\/mauricio-vila-dosal-asiste-reunion-de-la-estrategia-de-seguridad-y-migracion-de-la-zona-sur-sureste\/' class='whatsapp-button whatsapp-share'>WhatsApp<\/a><div class='clear '><\/div><\/div>","protected":false},"excerpt":{"rendered":"<p>-El encuentro cont\u00f3 con la presencia de Gobernadores de la regi\u00f3n y los secretarios de Gobernaci\u00f3n, Olga S\u00e1nchez Cordero; de Relaciones Exteriores, Marcelo Ebrard Casaub\u00f3n; de Seguridad y Protecci\u00f3n Ciudadana, Alfonso Durazo Monta\u00f1o; de Defensa, Luis Cresencio Sandoval; y de Marina, Jos\u00e9 Rafael Ojeda Dur\u00e1n. El Gobernador Mauricio Vila Dosal acudi\u00f3 a la reuni\u00f3n de &hellip;<\/p>\n","protected":false},"author":5,"featured_media":92236,"comment_status":"open","ping_status":"open","sticky":false,"template":"","format":"standard","meta":{"_mi_skip_tracking":false},"categories":[50,37],"tags":[3861,12904,16742],"_links":{"self":[{"href":"https:\/\/visionpeninsular.com\/mid\/wp-json\/wp\/v2\/posts\/92231"}],"collection":[{"href":"https:\/\/visionpeninsular.com\/mid\/wp-json\/wp\/v2\/posts"}],"about":[{"href":"https:\/\/visionpeninsular.com\/mid\/wp-json\/wp\/v2\/types\/post"}],"author":[{"embeddable":true,"href":"https:\/\/visionpeninsular.com\/mid\/wp-json\/wp\/v2\/users\/5"}],"replies":[{"embeddable":true,"href":"https:\/\/visionpeninsular.com\/mid\/wp-json\/wp\/v2\/comments?post=92231"}],"version-history":[{"count":1,"href":"https:\/\/visionpeninsular.com\/mid\/wp-json\/wp\/v2\/posts\/92231\/revisions"}],"predecessor-version":[{"id":92237,"href":"https:\/\/visionpeninsular.com\/mid\/wp-json\/wp\/v2\/posts\/92231\/revisions\/92237"}],"wp:featuredmedia":[{"embeddable":true,"href":"https:\/\/visionpeninsular.com\/mid\/wp-json\/wp\/v2\/media\/92236"}],"wp:attachment":[{"href":"https:\/\/visionpeninsular.com\/mid\/wp-json\/wp\/v2\/media?parent=92231"}],"wp:term":[{"taxonomy":"category","embeddable":true,"href":"https:\/\/visionpeninsular.com\/mid\/wp-json\/wp\/v2\/categories?post=92231"},{"taxonomy":"post_tag","embeddable":true,"href":"https:\/\/visionpeninsular.com\/mid\/wp-json\/wp\/v2\/tags?post=92231"}],"curies":[{"name":"wp","href":"https:\/\/api.w.org\/{rel}","templated":true}]}}