{"id":89444,"date":"2019-06-20T10:56:30","date_gmt":"2019-06-20T15:56:30","guid":{"rendered":"http:\/\/visionpeninsular.com\/mid\/?p=89444"},"modified":"2019-06-20T11:01:14","modified_gmt":"2019-06-20T16:01:14","slug":"se-integra-el-ivey-miercoles-ciudadano","status":"publish","type":"post","link":"https:\/\/visionpeninsular.com\/mid\/se-integra-el-ivey-miercoles-ciudadano\/","title":{"rendered":"Se integra el IVEY a Mi\u00e9rcoles Ciudadano"},"content":{"rendered":"\n<p>La atenci\u00f3n directa del alcalde Ren\u00e1n Barrera Concha, as\u00ed\ncomo la pronta soluci\u00f3n a los problemas que le plantea la ciudadan\u00eda son la\nesencia del Mi\u00e9rcoles Ciudadano, programa que permite a las autoridades conocer\n\u201cde viva voz\u201d las necesidades de la poblaci\u00f3n.<\/p>\n\n\n\n<p>\u2014Ren\u00e1n Barrera es un alcalde que nos escucha y eso es bueno,\nporque sin intermediarios se entera de la realidad y de nuestras necesidades\n\u2014afirm\u00f3 Mar\u00eda Mondrag\u00f3n L\u00f3pez, de 65 a\u00f1os de edad y vecina de la colonia Juan\nPablo II, quien acudi\u00f3 hoy a la jornada ciudadana.<\/p>\n\n\n\n<p>La se\u00f1ora Mondrag\u00f3n L\u00f3pez coment\u00f3 que esta es la segunda\nocasi\u00f3n que acude al Mi\u00e9rcoles Ciudadano y se retira satisfecha y agradecida\npor la atenci\u00f3n y ayuda del alcalde.<\/p>\n\n\n\n<p>\u2014Espero que siga dando este apoyo y buen trato a todos los\nciudadanos que venimos a verlo \u2014agreg\u00f3.<\/p>\n\n\n\n<p>Coment\u00f3 que acudi\u00f3 al Mi\u00e9rcoles Ciudadano para solicitar una\nm\u00e1quina de coser, apoyo que requiere para tener una vida productiva y generar\nsus propios ingresos.<\/p>\n\n\n\n<p>\u2014Yo s\u00e9 bordar, pero me hace falta la m\u00e1quina de coser, con\nella podr\u00e9 elaborar bordados en manteles, fundas, toallas y blusas para vender\ny tener un dinero extra\u2014expres\u00f3.<\/p>\n\n\n\n<p>Por su parte, el Concejal record\u00f3 que como autoridad\nmunicipal pondr\u00e1 hasta el l\u00edmite su capacidad para no fallarle a los ciudadanos\nde M\u00e9rida.<\/p>\n\n\n\n<p>\u2014Como lo hemos mencionado, haremos todo lo posible para\nM\u00e9rida que siga siendo la ciudad con mejor calidad de vida de todo el\npa\u00eds\u2014indic\u00f3 el Concejal.<\/p>\n\n\n\n<p>Este mi\u00e9rcoles, Barrera Concha atendi\u00f3 a unas veinte\npersonas de distintas colonias y fraccionamientos de la ciudad, quienes le\nhicieron diversas solicitudes, principalmente del rubro de servicios p\u00fablicos.<\/p>\n\n\n\n<p>En esta edici\u00f3n del Mi\u00e9rcoles Ciudadano se cont\u00f3 por primera\nvez con la participaci\u00f3n del Instituto de Vivienda del Estado de Yucat\u00e1n\n(IVEY), el cual instal\u00f3 una mesa de atenci\u00f3n en la explanada de la Plaza Grande\npara proporcionar a los ciudadanos informaci\u00f3n relacionada con la\nregularizaci\u00f3n y adquisici\u00f3n de terrenos, apoyos, escrituraciones, entre otros\ntr\u00e1mites.<\/p>\n\n\n\n<p>Como es costumbre, tambi\u00e9n se instal\u00f3 la Feria de la Salud,\nBolsa de Trabajo, Spa Mam\u00e1, Adopta un \u00c1rbol, Derechos de la Mujer, Mediaci\u00f3n,\nMicromer y el Centro Municipal de Emprendedores.<\/p>\n\n\n\n<p>Durante la jornada, Ernesto Lugo S\u00e1nchez, presidente de la\nAsociaci\u00f3n Estatal de Tiro con Arco, solicit\u00f3 al primer edil un apoyo para que\ndos j\u00f3venes deportistas puedan viajar a la Ciudad de M\u00e9xico a un control\nselectivo para asistir al mundial juvenil de esta disciplina, que se realizar\u00e1\nen Espa\u00f1a.<\/p>\n\n\n\n<p>Acompa\u00f1ado de Luis Lezama Soto y Juan Carlos del R\u00edo,\nseleccionados estatales y medallistas en la olimpiada nacional, el directivo\nsubray\u00f3 que decidieron buscar la ayuda del alcalde Ren\u00e1n Barrera porque saben\nque apoya y le da especial inter\u00e9s a la juventud y al deporte.<\/p>\n\n\n\n<p>\u2014Estos j\u00f3venes son el ejemplo que necesita el estado,\nmuchachos que estudien, trabajen o que realicen alg\u00fan deporte y por eso pedimos\nel apoyo \u2014agreg\u00f3.<\/p>\n\n\n\n<p>Por su parte, Luis Aguilar, estudiante de la Universidad\nMontemorelos, aprovech\u00f3 el Mi\u00e9rcoles Ciudadano para presentarle al alcalde un\nproyecto acad\u00e9mico \u201cQuiero Vivir Sano\u201d, que consiste en impartir pl\u00e1ticas a\nempleados sobre el manejo del estr\u00e9s y prevenci\u00f3n de la diabetes.<\/p>\n\n\n\n<p>\u2014Fue muy grato presentarle nuestro proyecto al alcalde,\nporque nos escuch\u00f3 y nos canaliz\u00f3 con el \u00e1rea de Salud para que consideren\nnuestras pl\u00e1ticas, que adem\u00e1s de ser impartidas a empleados municipales tambi\u00e9n\nse pueden llevar a otras zonas de M\u00e9rida y sus comisar\u00edas\u2014indic\u00f3.<\/p>\n\n\n\n<p>Consider\u00f3 que el Mi\u00e9rcoles Ciudadano es un programa exitoso,\nya que los habitantes del municipio perciben a un alcalde cercano, ocupado y\npreocupado por los problemas de la ciudad.<\/p>\n\n\n\n<p>\u2014He estado en Monterrey, Guadalajara y Tijuana, y nunca\nhab\u00eda visto que un alcalde est\u00e9 tan cercano a los ciudadanos y que d\u00e9\nsoluciones inmediatas a sus solicitudes\u2014platic\u00f3.<\/p>\n\n\n\n<p>Durante el programa municipal fueron atendidos 573\nciudadanos, tanto en las mesas de las diferentes direcciones municipales como\nen los dem\u00e1s servicios.<\/p>\n<div class='share-to-whatsapp-wrapper'><div class='share-on-whsp'>Share on: <\/div><a data-text='Se integra el IVEY a Mi\u00e9rcoles Ciudadano' data-link='https:\/\/visionpeninsular.com\/mid\/se-integra-el-ivey-miercoles-ciudadano\/' class='whatsapp-button whatsapp-share'>WhatsApp<\/a><div class='clear '><\/div><\/div>","protected":false},"excerpt":{"rendered":"<p>La atenci\u00f3n directa del alcalde Ren\u00e1n Barrera Concha, as\u00ed como la pronta soluci\u00f3n a los problemas que le plantea la ciudadan\u00eda son la esencia del Mi\u00e9rcoles Ciudadano, programa que permite a las autoridades conocer \u201cde viva voz\u201d las necesidades de la poblaci\u00f3n. \u2014Ren\u00e1n Barrera es un alcalde que nos escucha y eso es bueno, porque &hellip;<\/p>\n","protected":false},"author":5,"featured_media":89454,"comment_status":"open","ping_status":"open","sticky":false,"template":"","format":"standard","meta":{"_mi_skip_tracking":false},"categories":[50,37],"tags":[1361,403,5338],"_links":{"self":[{"href":"https:\/\/visionpeninsular.com\/mid\/wp-json\/wp\/v2\/posts\/89444"}],"collection":[{"href":"https:\/\/visionpeninsular.com\/mid\/wp-json\/wp\/v2\/posts"}],"about":[{"href":"https:\/\/visionpeninsular.com\/mid\/wp-json\/wp\/v2\/types\/post"}],"author":[{"embeddable":true,"href":"https:\/\/visionpeninsular.com\/mid\/wp-json\/wp\/v2\/users\/5"}],"replies":[{"embeddable":true,"href":"https:\/\/visionpeninsular.com\/mid\/wp-json\/wp\/v2\/comments?post=89444"}],"version-history":[{"count":1,"href":"https:\/\/visionpeninsular.com\/mid\/wp-json\/wp\/v2\/posts\/89444\/revisions"}],"predecessor-version":[{"id":89449,"href":"https:\/\/visionpeninsular.com\/mid\/wp-json\/wp\/v2\/posts\/89444\/revisions\/89449"}],"wp:featuredmedia":[{"embeddable":true,"href":"https:\/\/visionpeninsular.com\/mid\/wp-json\/wp\/v2\/media\/89454"}],"wp:attachment":[{"href":"https:\/\/visionpeninsular.com\/mid\/wp-json\/wp\/v2\/media?parent=89444"}],"wp:term":[{"taxonomy":"category","embeddable":true,"href":"https:\/\/visionpeninsular.com\/mid\/wp-json\/wp\/v2\/categories?post=89444"},{"taxonomy":"post_tag","embeddable":true,"href":"https:\/\/visionpeninsular.com\/mid\/wp-json\/wp\/v2\/tags?post=89444"}],"curies":[{"name":"wp","href":"https:\/\/api.w.org\/{rel}","templated":true}]}}