{"id":8857,"date":"2016-07-30T09:02:09","date_gmt":"2016-07-30T14:02:09","guid":{"rendered":"http:\/\/visionpeninsular.com\/mid\/?p=8857"},"modified":"2016-07-30T09:02:09","modified_gmt":"2016-07-30T14:02:09","slug":"ley-de-transporte-sera-publicada-en-breve-por-consejeria-juridica-rodriguez-asaf","status":"publish","type":"post","link":"https:\/\/visionpeninsular.com\/mid\/ley-de-transporte-sera-publicada-en-breve-por-consejeria-juridica-rodriguez-asaf\/","title":{"rendered":"Ley de Transporte ser\u00e1 publicada en breve por Consejer\u00eda Jur\u00eddica: Rodr\u00edguez Asaf"},"content":{"rendered":"<p>En breve la Consejer\u00eda Jur\u00eddica informar\u00e1 los reglamentos de la Ley de Transporte con sus respectivos territorios en Yucat\u00e1n, inform\u00f3 el secretario general de Gobierno, Roberto Rodr\u00edguez Asaf.<\/p>\n<p>El funcionario estatal explic\u00f3 que sino se ha publicado el reglamento es porque se ha requerido hacer muchos hincapi\u00e9s en algunas normativas para seguridad de los yucatecos. <\/p>\n<p>\u201cLleva tiempo porque hay que revisarla bien, corregir los errores que haya, para que al momento de ser dada a conocer en el Diario Oficial del Estado, no haya que emitir fe de erratas\u201d, enfatiz\u00f3.<\/p>\n<p>En cuanto al recurso inconstitucional contra la ley de transporte presentada en la Suprema Corte de Justicia de la Naci\u00f3n (SCJN) por el PAN, dijo que es un derecho del Partido denunciar cualquier situaci\u00f3n que as\u00ed consideren lo amerite. <\/p>\n<p>Sin embargo, record\u00f3 que \u201cLa normativa fue aprobada por cuatro partidos pol\u00edticos en el Congreso del Estado, tiene validez porque tuvo el respaldo mayoritario en el poder Legislativo\u201d.<\/p>\n<div class='share-to-whatsapp-wrapper'><div class='share-on-whsp'>Share on: <\/div><a data-text='Ley de Transporte ser\u00e1 publicada en breve por Consejer\u00eda Jur\u00eddica: Rodr\u00edguez Asaf' data-link='https:\/\/visionpeninsular.com\/mid\/ley-de-transporte-sera-publicada-en-breve-por-consejeria-juridica-rodriguez-asaf\/' class='whatsapp-button whatsapp-share'>WhatsApp<\/a><div class='clear '><\/div><\/div>","protected":false},"excerpt":{"rendered":"<p>En breve la Consejer\u00eda Jur\u00eddica informar\u00e1 los reglamentos de la Ley de Transporte con sus respectivos territorios en Yucat\u00e1n, inform\u00f3 el secretario general de Gobierno, Roberto Rodr\u00edguez Asaf. El funcionario estatal explic\u00f3 que sino se ha publicado el reglamento es porque se ha requerido hacer muchos hincapi\u00e9s en algunas normativas para seguridad de los yucatecos. &hellip;<\/p>\n","protected":false},"author":1,"featured_media":1509,"comment_status":"open","ping_status":"open","sticky":false,"template":"","format":"standard","meta":{"_mi_skip_tracking":false},"categories":[49],"tags":[1146,157,207],"_links":{"self":[{"href":"https:\/\/visionpeninsular.com\/mid\/wp-json\/wp\/v2\/posts\/8857"}],"collection":[{"href":"https:\/\/visionpeninsular.com\/mid\/wp-json\/wp\/v2\/posts"}],"about":[{"href":"https:\/\/visionpeninsular.com\/mid\/wp-json\/wp\/v2\/types\/post"}],"author":[{"embeddable":true,"href":"https:\/\/visionpeninsular.com\/mid\/wp-json\/wp\/v2\/users\/1"}],"replies":[{"embeddable":true,"href":"https:\/\/visionpeninsular.com\/mid\/wp-json\/wp\/v2\/comments?post=8857"}],"version-history":[{"count":1,"href":"https:\/\/visionpeninsular.com\/mid\/wp-json\/wp\/v2\/posts\/8857\/revisions"}],"predecessor-version":[{"id":8858,"href":"https:\/\/visionpeninsular.com\/mid\/wp-json\/wp\/v2\/posts\/8857\/revisions\/8858"}],"wp:featuredmedia":[{"embeddable":true,"href":"https:\/\/visionpeninsular.com\/mid\/wp-json\/wp\/v2\/media\/1509"}],"wp:attachment":[{"href":"https:\/\/visionpeninsular.com\/mid\/wp-json\/wp\/v2\/media?parent=8857"}],"wp:term":[{"taxonomy":"category","embeddable":true,"href":"https:\/\/visionpeninsular.com\/mid\/wp-json\/wp\/v2\/categories?post=8857"},{"taxonomy":"post_tag","embeddable":true,"href":"https:\/\/visionpeninsular.com\/mid\/wp-json\/wp\/v2\/tags?post=8857"}],"curies":[{"name":"wp","href":"https:\/\/api.w.org\/{rel}","templated":true}]}}