{"id":88097,"date":"2019-06-10T10:46:39","date_gmt":"2019-06-10T15:46:39","guid":{"rendered":"http:\/\/visionpeninsular.com\/mid\/?p=88097"},"modified":"2019-06-10T10:46:50","modified_gmt":"2019-06-10T15:46:50","slug":"el-ayuntamiento-de-merida-realiza-la-primera-feria-de-educacion-ambiental","status":"publish","type":"post","link":"https:\/\/visionpeninsular.com\/mid\/el-ayuntamiento-de-merida-realiza-la-primera-feria-de-educacion-ambiental\/","title":{"rendered":"El Ayuntamiento de M\u00e9rida realiza la primera Feria de Educaci\u00f3n Ambiental"},"content":{"rendered":"\n<p>El Ayuntamiento de M\u00e9rida a trav\u00e9s de las direcciones de\nDesarrollo Sustentable y Servicios P\u00fabicos, lleva a cabo este fin de semana la\nprimera Feria de Educaci\u00f3n Ambiental, un espacio para divertirse en familia y\nal mismo tiempo aprender todo sobre la importancia del cuidado de la flora y la\nfauna esenciales para el desarrollo sustentable de la ciudad.<\/p>\n\n\n\n<p>Bajo el lema \u201cDale una mano al planeta\u201d, las actividades de la feria que se realiz\u00f3 del 7 al 9 de junio en el Parque Zool\u00f3gico Centenario y el Museo de Historia Natural, iniciaron el viernes por la noche con la asistencia de m\u00e1s de 10 mil personas quienes disfrutaron de actividades de tipo cultural, art\u00edsticas y ambientales.<\/p>\n\n\n\n<p>Como parte de la velada nocturna que se ofreci\u00f3, los\nasistentes del viernes disfrutaron de una funci\u00f3n de cine familiar sobre temas\necol\u00f3gicos, la presentaci\u00f3n del muestrario de \u00e1rboles y los sonidos de la\nm\u00fasica aut\u00f3ctona del grupo Kan Bacab.<\/p>\n\n\n\n<p> Las actividades incluyeron pl\u00e1ticas sobre \u201cAves y plantas\u201d, \u201cImpacto ambiental\u201d, \u201cSustentabilidad\u201d, \u201cLa problem\u00e1tica de la contaminaci\u00f3n por fosas s\u00e9pticas en Yucat\u00e1n\u201d, \u201cC\u00f3mo usar adecuadamente tu refri\u201d, \u201cLeyes y normatividad\u201d, \u201cEconom\u00eda circular\u201d, \u201cEl Jaguar de Yucat\u00e1n\u201d, \u201cTecnolog\u00edas apropiadas al medio ambiente\u201d y \u201cReptiles y anfibios\u201d entre otras.<\/p>\n\n\n\n<p>Como parte del repertorio art\u00edstico tambi\u00e9n se present\u00f3 el\nshow de Marionetas y de Crazy Show, Botargas de Madagascar, as\u00ed mismo el ballet\nfolcl\u00f3rico y Cus Cus Cirkus.<\/p>\n\n\n\n<p>El domingo las actividades iniciaron desde las 9 de la ma\u00f1ana con diversos talleres como \u201cFotograf\u00eda para principiantes\u201d, \u201cHuertos familiares\u201d y \u201cSustentabilidad para todos\u201d.<\/p>\n\n\n\n<p>Igualmente, se impartieron pl\u00e1ticas sobre \u201cEnfermedades de mascotas y del hombre\u201d, \u201cReciclaje y econom\u00eda circular\u201d, \u201cPlan M\u00e9rida\u201d, \u201cLas acciones olvidadas para combatir el calentamiento global (caso CO2)\u201d y la \u201cImportancia de los murci\u00e9lagos en el ecosistema\u201d, este \u00faltimo se impartir\u00e1 en el Museo de Historia Natural.<\/p>\n\n\n\n<p>Para finalizar las actividades del d\u00eda se presentaron  show de marionetas, los espect\u00e1culos de Crazy Show, el payaso Baloncito, Happy show, la presentaci\u00f3n del ballet folcl\u00f3rico y T\u00f3tem.<\/p>\n\n\n\n<p>En la feria particip\u00f3, adem\u00e1s, el stand del Mercadito del DIF municipal.<\/p>\n\n\n\n<p>Para mayor informaci\u00f3n sobre las actividades y horarios,\npuede consultar el sitio web: www.merida.gob.mx, o bien puede buscar\ninformaci\u00f3n a trav\u00e9s de las redes sociales del ayuntamiento de M\u00e9rida: Facebook\nayuntaMerida y en twitter \u201c@ayuntaMerida<\/p>\n<div class='share-to-whatsapp-wrapper'><div class='share-on-whsp'>Share on: <\/div><a data-text='El Ayuntamiento de M\u00e9rida realiza la primera Feria de Educaci\u00f3n Ambiental' data-link='https:\/\/visionpeninsular.com\/mid\/el-ayuntamiento-de-merida-realiza-la-primera-feria-de-educacion-ambiental\/' class='whatsapp-button whatsapp-share'>WhatsApp<\/a><div class='clear '><\/div><\/div>","protected":false},"excerpt":{"rendered":"<p>El Ayuntamiento de M\u00e9rida a trav\u00e9s de las direcciones de Desarrollo Sustentable y Servicios P\u00fabicos, lleva a cabo este fin de semana la primera Feria de Educaci\u00f3n Ambiental, un espacio para divertirse en familia y al mismo tiempo aprender todo sobre la importancia del cuidado de la flora y la fauna esenciales para el desarrollo &hellip;<\/p>\n","protected":false},"author":5,"featured_media":88106,"comment_status":"open","ping_status":"open","sticky":false,"template":"","format":"standard","meta":{"_mi_skip_tracking":false},"categories":[50,37],"tags":[16338,11657],"_links":{"self":[{"href":"https:\/\/visionpeninsular.com\/mid\/wp-json\/wp\/v2\/posts\/88097"}],"collection":[{"href":"https:\/\/visionpeninsular.com\/mid\/wp-json\/wp\/v2\/posts"}],"about":[{"href":"https:\/\/visionpeninsular.com\/mid\/wp-json\/wp\/v2\/types\/post"}],"author":[{"embeddable":true,"href":"https:\/\/visionpeninsular.com\/mid\/wp-json\/wp\/v2\/users\/5"}],"replies":[{"embeddable":true,"href":"https:\/\/visionpeninsular.com\/mid\/wp-json\/wp\/v2\/comments?post=88097"}],"version-history":[{"count":1,"href":"https:\/\/visionpeninsular.com\/mid\/wp-json\/wp\/v2\/posts\/88097\/revisions"}],"predecessor-version":[{"id":88107,"href":"https:\/\/visionpeninsular.com\/mid\/wp-json\/wp\/v2\/posts\/88097\/revisions\/88107"}],"wp:featuredmedia":[{"embeddable":true,"href":"https:\/\/visionpeninsular.com\/mid\/wp-json\/wp\/v2\/media\/88106"}],"wp:attachment":[{"href":"https:\/\/visionpeninsular.com\/mid\/wp-json\/wp\/v2\/media?parent=88097"}],"wp:term":[{"taxonomy":"category","embeddable":true,"href":"https:\/\/visionpeninsular.com\/mid\/wp-json\/wp\/v2\/categories?post=88097"},{"taxonomy":"post_tag","embeddable":true,"href":"https:\/\/visionpeninsular.com\/mid\/wp-json\/wp\/v2\/tags?post=88097"}],"curies":[{"name":"wp","href":"https:\/\/api.w.org\/{rel}","templated":true}]}}