{"id":88037,"date":"2019-06-09T09:07:25","date_gmt":"2019-06-09T14:07:25","guid":{"rendered":"http:\/\/visionpeninsular.com\/mid\/?p=88037"},"modified":"2019-06-09T09:07:30","modified_gmt":"2019-06-09T14:07:30","slug":"manana-se-inaugura-el-puente-de-la-unidad-en-carmen","status":"publish","type":"post","link":"https:\/\/visionpeninsular.com\/mid\/manana-se-inaugura-el-puente-de-la-unidad-en-carmen\/","title":{"rendered":"Ma\u00f1ana se inaugura el Puente de la Unidad en Carmen"},"content":{"rendered":"\n<p>Con una longitud de 3.2 kil\u00f3metros y 14 metros de ancho, despu\u00e9s de \nm\u00e1s de 4 a\u00f1os de haber sido iniciado, los \u00faltimos 3 los m\u00e1s importantes \nen su construcci\u00f3n, este lunes al medio d\u00eda, ser\u00e1 inaugurado el nuevo \nPuente de La Unidad por el gobernador Alejandro Moreno C\u00e1rdenas y se \nespera, el Presidente Andr\u00e9s Manuel L\u00f3pez Obrador, con lo que se \nconcreta el sue\u00f1o m\u00e1s anhelado de los carmelitas, tras las malas \ncondiciones en que se encuentra la antigua estructura, con casi 37 a\u00f1os \nde estar en servicio, 17 m\u00e1s de vida \u00fatil para lo que fue planeado.<\/p>\n\n\n\n<p>A las 2:35 horas de la ma\u00f1ana del pasado viernes 13 de abril, el \ngobernador Alejandro Moreno C\u00e1rdenas atestigu\u00f3 la colocaci\u00f3n de la \n\u00faltima trabe del nuevo Puente de La Unidad, con lo que se terminaron de \nunir los extremos de la moderna superestructura.<\/p>\n\n\n\n<p>La magna obra tiene las siguientes caracter\u00edsticas: 3.2 kil\u00f3metros de\n longitud y 14 metros de ancho, dos carriles de circulaci\u00f3n de 3.50 \nmetros, dos acotamientos de 2.50 metros, banquetas de 75 cent\u00edmetros, \nguarnici\u00f3n y parapeto de 25 cent\u00edmetros, y un g\u00e1libo de 17 metros de \naltura m\u00e1xima.<\/p>\n\n\n\n<p>Una vez concluidas y aprobadas las pruebas f\u00edsicas t\u00e9cnicas \nrealizadas, todo fue satisfactorio, con la garant\u00eda de su apertura al \np\u00fablico, por lo que est\u00e9 lunes ser\u00e1 puesto al servicio de los carmelitas<\/p>\n\n\n\n<p>El Puente de la Unidad tiene capacidad y es m\u00e1s amplio que el \nanterior, soporta perfectamente el tr\u00e1fico porque tiene los dos carriles\n y aparcamiento, si un carro llega a descomponerse tiene para \nestacionarse mientras llega la gr\u00faa, aparte tiene una banquetita que da \nmayor amplitud y ah\u00ed, en esa parte, van ductos para llevar todas las \nl\u00edneas de fibra \u00f3ptica y todo lo que se requiera de cableados.<\/p>\n\n\n\n<p>En lo que respecta a la ubicaci\u00f3n de la caseta, indic\u00f3 que por el \nmomento se encontrar\u00e1 en el mismo lugar, sin embargo, a\u00fan est\u00e1n \nvalorando su reubicaci\u00f3n, \u201cahorita, por lo pronto, se queda en el mismo \nlugar para empezar a operar y todav\u00eda est\u00e1 en proceso de que si se \nreubica o se queda ah\u00ed, pero lo m\u00e1s seguro es que se va a reubicar, se \nest\u00e1 estudiando eso, d\u00f3nde ser\u00eda, porque donde est\u00e1 ahorita, est\u00e1 \nahogado por la poblaci\u00f3n y tendr\u00eda que reubicarse\u201d.<\/p>\n<div class='share-to-whatsapp-wrapper'><div class='share-on-whsp'>Share on: <\/div><a data-text='Ma\u00f1ana se inaugura el Puente de la Unidad en Carmen' data-link='https:\/\/visionpeninsular.com\/mid\/manana-se-inaugura-el-puente-de-la-unidad-en-carmen\/' class='whatsapp-button whatsapp-share'>WhatsApp<\/a><div class='clear '><\/div><\/div>","protected":false},"excerpt":{"rendered":"<p>Con una longitud de 3.2 kil\u00f3metros y 14 metros de ancho, despu\u00e9s de m\u00e1s de 4 a\u00f1os de haber sido iniciado, los \u00faltimos 3 los m\u00e1s importantes en su construcci\u00f3n, este lunes al medio d\u00eda, ser\u00e1 inaugurado el nuevo Puente de La Unidad por el gobernador Alejandro Moreno C\u00e1rdenas y se espera, el Presidente Andr\u00e9s &hellip;<\/p>\n","protected":false},"author":1,"featured_media":88042,"comment_status":"open","ping_status":"open","sticky":false,"template":"","format":"standard","meta":{"_mi_skip_tracking":false},"categories":[46],"tags":[2924],"_links":{"self":[{"href":"https:\/\/visionpeninsular.com\/mid\/wp-json\/wp\/v2\/posts\/88037"}],"collection":[{"href":"https:\/\/visionpeninsular.com\/mid\/wp-json\/wp\/v2\/posts"}],"about":[{"href":"https:\/\/visionpeninsular.com\/mid\/wp-json\/wp\/v2\/types\/post"}],"author":[{"embeddable":true,"href":"https:\/\/visionpeninsular.com\/mid\/wp-json\/wp\/v2\/users\/1"}],"replies":[{"embeddable":true,"href":"https:\/\/visionpeninsular.com\/mid\/wp-json\/wp\/v2\/comments?post=88037"}],"version-history":[{"count":1,"href":"https:\/\/visionpeninsular.com\/mid\/wp-json\/wp\/v2\/posts\/88037\/revisions"}],"predecessor-version":[{"id":88047,"href":"https:\/\/visionpeninsular.com\/mid\/wp-json\/wp\/v2\/posts\/88037\/revisions\/88047"}],"wp:featuredmedia":[{"embeddable":true,"href":"https:\/\/visionpeninsular.com\/mid\/wp-json\/wp\/v2\/media\/88042"}],"wp:attachment":[{"href":"https:\/\/visionpeninsular.com\/mid\/wp-json\/wp\/v2\/media?parent=88037"}],"wp:term":[{"taxonomy":"category","embeddable":true,"href":"https:\/\/visionpeninsular.com\/mid\/wp-json\/wp\/v2\/categories?post=88037"},{"taxonomy":"post_tag","embeddable":true,"href":"https:\/\/visionpeninsular.com\/mid\/wp-json\/wp\/v2\/tags?post=88037"}],"curies":[{"name":"wp","href":"https:\/\/api.w.org\/{rel}","templated":true}]}}