{"id":87947,"date":"2019-06-09T07:37:32","date_gmt":"2019-06-09T12:37:32","guid":{"rendered":"http:\/\/visionpeninsular.com\/mid\/?p=87947"},"modified":"2019-06-09T07:37:44","modified_gmt":"2019-06-09T12:37:44","slug":"ayuntamiento-de-merida-con-feyac-trabajan-para-lograr-el-desarrollo-de-las-comisarias","status":"publish","type":"post","link":"https:\/\/visionpeninsular.com\/mid\/ayuntamiento-de-merida-con-feyac-trabajan-para-lograr-el-desarrollo-de-las-comisarias\/","title":{"rendered":"Ayuntamiento de M\u00e9rida con FEYAC, trabajan para lograr el desarrollo de las comisar\u00edas"},"content":{"rendered":"\n<p>Buena participaci\u00f3n ciudadana en la jornada \u201cConversando con\ntu comisar\u00eda\u201d<\/p>\n\n\n\n<p>Para promover e impulsar una cultura de corresponsabilidad\nsocial en temas que involucran a los habitantes de las comunidades, el\nAyuntamiento de M\u00e9rida, en coordinaci\u00f3n con el programa \u201cVive\u201d de la Fundaci\u00f3n\ndel Empresariado Yucateco (FEYAC), realiz\u00f3 la jornada de participaci\u00f3n\n\u201cConversando en tu comisar\u00eda\u201d, en el Centro de Desarrollo Integral de San Jos\u00e9\nTzal.<\/p>\n\n\n\n<p>El secretario de Participaci\u00f3n Ciudadana, Julio Sauma\nCastillo, remarc\u00f3 que este ejercicio con la fundaci\u00f3n forma parte de las\npol\u00edticas p\u00fablicas que impulsa el alcalde Ren\u00e1n Barrera Concha para acercar los\nprogramas sociales a los grupos m\u00e1s vulnerables del municipio.<\/p>\n\n\n\n<p>A trav\u00e9s de mesas de trabajo sobre temas fundamentales, como\neducaci\u00f3n, empleo, salud, violencia de g\u00e9nero y adicciones, los habitantes de\nla comisar\u00eda anfitriona y de Dzununc\u00e1n plantearon sus propuestas para el\ndesarrollo integral de sus comunidades.<\/p>\n\n\n\n<p>\u2014Gracias a esta sinergia con la FEYAC estamos abriendo m\u00e1s\nespacios para la participaci\u00f3n ciudadana, as\u00ed como para promover e impulsar una\ncultura de corresponsabilidad social en temas sensibles especialmente entre los\ngrupos vulnerables\u2014dijo.<\/p>\n\n\n\n<p>En ese sentido, agreg\u00f3 que la participaci\u00f3n ciudadana y su\ncompromiso con los programas municipales en las comunidades son fundamental\npara que esas pol\u00edticas p\u00fablicas se mantengan y trasciendan.<\/p>\n\n\n\n<p>Sauma Castillo asever\u00f3 que programas como \u201cVive\u201d buscan\naportar y articular esfuerzos con el Ayuntamiento de M\u00e9rida para que los\nhabitantes de las comisar\u00edas sean los propios actores e impulsores del\ndesarrollo de su comunidad.<\/p>\n\n\n\n<p>\u2014En este caso, tener un aliado como VIVE, ayuda a que los\nhabitantes de las comisar\u00edas tengan una visi\u00f3n de desarrollo comunitario\nintegral y se sumen a las tareas para lograrlo \u2014expres\u00f3.<\/p>\n\n\n\n<p>Definitivamente como autoridad nos est\u00e1n ayudando a\nconstruir un mejor futuro para nuestras comunidades, es un ejercicio de\nplaneaci\u00f3n que lo debemos de replicar en todo el municipio, abund\u00f3.<\/p>\n\n\n\n<p>En su turno, Alejandro Sauma Mart\u00ednez, director general de\nla FEYAC, agradeci\u00f3 al Ayuntamiento de M\u00e9rida por depositar su confianza para\nimplementar dichos programas en las zonas rurales de M\u00e9rida, que buscan ser\nsemilleros de l\u00edderes para desarrollar mejor a sus comunidades y avanzar en una\nmejor calidad de vida.<\/p>\n\n\n\n<p>\u2014De la mano de la autoridad municipal vamos a forjar\npromotores de desarrollo, porque qui\u00e9n mejor que un habitante para que nos\npueda compartir las necesidades que hay en su comunidad\u2014subray\u00f3.<\/p>\n\n\n\n<p>A\u00f1adi\u00f3 que en los \u00faltimos a\u00f1os, los habitantes del municipio\nde M\u00e9rida se han distinguido en ser una sociedad participa en diversos temas\nque van desde lo electoral hasta lo sustentable.<\/p>\n\n\n\n<p>\u2014Hoy por hoy vemos que los ciudadanos se est\u00e1n sumando a las\nacciones que emprende el ayuntamiento y las distintas asociaciones que hay en\nM\u00e9rida, un claro ejemplo son los temas ambientales y de movilidad, ponen de su\nparte para atender el problema o involucrarse en el mismo\u2014indic\u00f3.<\/p>\n\n\n\n<p>Las ocho dependencias del Ayuntamiento de M\u00e9rida que\nparticiparon en la jornada de participaci\u00f3n \u201cConversando en tu Comisar\u00eda\u201d\nfueron las direcciones del DIF, Desarrollo Econ\u00f3mico y Turismo, Bienestar\nSocial, Contralor\u00eda, Cultura y Desarrollo Social, as\u00ed como los Institutos\nMunicipal De Planeaci\u00f3n y de la Mujer.<\/p>\n<div class='share-to-whatsapp-wrapper'><div class='share-on-whsp'>Share on: <\/div><a data-text='Ayuntamiento de M\u00e9rida con FEYAC, trabajan para lograr el desarrollo de las comisar\u00edas' data-link='https:\/\/visionpeninsular.com\/mid\/ayuntamiento-de-merida-con-feyac-trabajan-para-lograr-el-desarrollo-de-las-comisarias\/' class='whatsapp-button whatsapp-share'>WhatsApp<\/a><div class='clear '><\/div><\/div>","protected":false},"excerpt":{"rendered":"<p>Buena participaci\u00f3n ciudadana en la jornada \u201cConversando con tu comisar\u00eda\u201d Para promover e impulsar una cultura de corresponsabilidad social en temas que involucran a los habitantes de las comunidades, el Ayuntamiento de M\u00e9rida, en coordinaci\u00f3n con el programa \u201cVive\u201d de la Fundaci\u00f3n del Empresariado Yucateco (FEYAC), realiz\u00f3 la jornada de participaci\u00f3n \u201cConversando en tu comisar\u00eda\u201d, &hellip;<\/p>\n","protected":false},"author":5,"featured_media":87968,"comment_status":"open","ping_status":"open","sticky":false,"template":"","format":"standard","meta":{"_mi_skip_tracking":false},"categories":[50,37],"tags":[174,3028,3338],"_links":{"self":[{"href":"https:\/\/visionpeninsular.com\/mid\/wp-json\/wp\/v2\/posts\/87947"}],"collection":[{"href":"https:\/\/visionpeninsular.com\/mid\/wp-json\/wp\/v2\/posts"}],"about":[{"href":"https:\/\/visionpeninsular.com\/mid\/wp-json\/wp\/v2\/types\/post"}],"author":[{"embeddable":true,"href":"https:\/\/visionpeninsular.com\/mid\/wp-json\/wp\/v2\/users\/5"}],"replies":[{"embeddable":true,"href":"https:\/\/visionpeninsular.com\/mid\/wp-json\/wp\/v2\/comments?post=87947"}],"version-history":[{"count":1,"href":"https:\/\/visionpeninsular.com\/mid\/wp-json\/wp\/v2\/posts\/87947\/revisions"}],"predecessor-version":[{"id":87969,"href":"https:\/\/visionpeninsular.com\/mid\/wp-json\/wp\/v2\/posts\/87947\/revisions\/87969"}],"wp:featuredmedia":[{"embeddable":true,"href":"https:\/\/visionpeninsular.com\/mid\/wp-json\/wp\/v2\/media\/87968"}],"wp:attachment":[{"href":"https:\/\/visionpeninsular.com\/mid\/wp-json\/wp\/v2\/media?parent=87947"}],"wp:term":[{"taxonomy":"category","embeddable":true,"href":"https:\/\/visionpeninsular.com\/mid\/wp-json\/wp\/v2\/categories?post=87947"},{"taxonomy":"post_tag","embeddable":true,"href":"https:\/\/visionpeninsular.com\/mid\/wp-json\/wp\/v2\/tags?post=87947"}],"curies":[{"name":"wp","href":"https:\/\/api.w.org\/{rel}","templated":true}]}}