{"id":876,"date":"2016-01-28T08:57:36","date_gmt":"2016-01-28T14:57:36","guid":{"rendered":"http:\/\/visionpeninsular.com\/mid\/?p=876"},"modified":"2016-01-28T08:57:36","modified_gmt":"2016-01-28T14:57:36","slug":"si-semarnat-hubiera-podido-frenar-devastacion-de-tajamar-lo-hubiera-hecho-pacchiano-aleman","status":"publish","type":"post","link":"https:\/\/visionpeninsular.com\/mid\/si-semarnat-hubiera-podido-frenar-devastacion-de-tajamar-lo-hubiera-hecho-pacchiano-aleman\/","title":{"rendered":"Si SEMARNAT hubiera podido frenar devastaci\u00f3n de Tajamar lo hubiera hecho: Pacchiano Alem\u00e1n"},"content":{"rendered":"<p>De haber estado en manos de la SEMARNAT frenar la devastaci\u00f3n del Mangle en Tajamar se hubiera evitado, asegur\u00f3 Rafael Pacchiano Alem\u00e1n, titular de la Secretaria de Medio Ambiente y Recursos Naturales (SEMARNAT). <\/p>\n<p>&#8220;Un proyecto de estas caracter\u00edsticas no lo hubi\u00e9ramos autorizado nunca&#8221;, abund\u00f3&#8230;. &#8220;Nosotros no lo aprobamos&#8221;. <\/p>\n<p>El funcionario record\u00f3 que al ser terrenos propiedad de particulares, depender\u00e1 de ellos tomar la decisi\u00f3n sobre los mismos, mientras que la dependencia solo puede dar seguimiento a los trabajos recomendaciones que la Procuradur\u00eda Federal de Protecci\u00f3n al Ambiente (PROFEPA) haga. <\/p>\n<p>En cuanto a los permisos y licencias de construcci\u00f3n de los predios conocidos como Malec\u00f3n Tajamar, se\u00f1al\u00f3 que \u00e9stos est\u00e1n en su totalidad en la legalidad. <\/p>\n<p>Sobre las 49 hect\u00e1reas del cambio de uso de suelo, 24 eran de manglar, pero se trata de un proyecto que fue autorizado a\u00f1os atr\u00e1s, aclar\u00f3. <\/p>\n<div class='share-to-whatsapp-wrapper'><div class='share-on-whsp'>Share on: <\/div><a data-text='Si SEMARNAT hubiera podido frenar devastaci\u00f3n de Tajamar lo hubiera hecho: Pacchiano Alem\u00e1n' data-link='https:\/\/visionpeninsular.com\/mid\/si-semarnat-hubiera-podido-frenar-devastacion-de-tajamar-lo-hubiera-hecho-pacchiano-aleman\/' class='whatsapp-button whatsapp-share'>WhatsApp<\/a><div class='clear '><\/div><\/div>","protected":false},"excerpt":{"rendered":"<p>De haber estado en manos de la SEMARNAT frenar la devastaci\u00f3n del Mangle en Tajamar se hubiera evitado, asegur\u00f3 Rafael Pacchiano Alem\u00e1n, titular de la Secretaria de Medio Ambiente y Recursos Naturales (SEMARNAT). &#8220;Un proyecto de estas caracter\u00edsticas no lo hubi\u00e9ramos autorizado nunca&#8221;, abund\u00f3&#8230;. &#8220;Nosotros no lo aprobamos&#8221;. El funcionario record\u00f3 que al ser terrenos &hellip;<\/p>\n","protected":false},"author":1,"featured_media":825,"comment_status":"open","ping_status":"open","sticky":false,"template":"","format":"standard","meta":{"_mi_skip_tracking":false},"categories":[47],"tags":[84],"_links":{"self":[{"href":"https:\/\/visionpeninsular.com\/mid\/wp-json\/wp\/v2\/posts\/876"}],"collection":[{"href":"https:\/\/visionpeninsular.com\/mid\/wp-json\/wp\/v2\/posts"}],"about":[{"href":"https:\/\/visionpeninsular.com\/mid\/wp-json\/wp\/v2\/types\/post"}],"author":[{"embeddable":true,"href":"https:\/\/visionpeninsular.com\/mid\/wp-json\/wp\/v2\/users\/1"}],"replies":[{"embeddable":true,"href":"https:\/\/visionpeninsular.com\/mid\/wp-json\/wp\/v2\/comments?post=876"}],"version-history":[{"count":1,"href":"https:\/\/visionpeninsular.com\/mid\/wp-json\/wp\/v2\/posts\/876\/revisions"}],"predecessor-version":[{"id":877,"href":"https:\/\/visionpeninsular.com\/mid\/wp-json\/wp\/v2\/posts\/876\/revisions\/877"}],"wp:featuredmedia":[{"embeddable":true,"href":"https:\/\/visionpeninsular.com\/mid\/wp-json\/wp\/v2\/media\/825"}],"wp:attachment":[{"href":"https:\/\/visionpeninsular.com\/mid\/wp-json\/wp\/v2\/media?parent=876"}],"wp:term":[{"taxonomy":"category","embeddable":true,"href":"https:\/\/visionpeninsular.com\/mid\/wp-json\/wp\/v2\/categories?post=876"},{"taxonomy":"post_tag","embeddable":true,"href":"https:\/\/visionpeninsular.com\/mid\/wp-json\/wp\/v2\/tags?post=876"}],"curies":[{"name":"wp","href":"https:\/\/api.w.org\/{rel}","templated":true}]}}