{"id":872,"date":"2016-01-28T08:54:31","date_gmt":"2016-01-28T14:54:31","guid":{"rendered":"http:\/\/visionpeninsular.com\/mid\/?p=872"},"modified":"2016-01-28T08:54:31","modified_gmt":"2016-01-28T14:54:31","slug":"campeche-entre-las-entidades-con-el-mas-bajo-indice-de-desempleo-del-pais","status":"publish","type":"post","link":"https:\/\/visionpeninsular.com\/mid\/campeche-entre-las-entidades-con-el-mas-bajo-indice-de-desempleo-del-pais\/","title":{"rendered":"Campeche entre las Entidades con el m\u00e1s bajo \u00edndice de desempleo del Pa\u00eds"},"content":{"rendered":"<p>Las Pol\u00edticas de desarrollo social y econ\u00f3mico en Campeche han rendido fruto en materia de desempleo, asegur\u00f3 Luis Mena Calder\u00f3n, secretario del Trabajo y Previsi\u00f3n Social. <\/p>\n<p>Quien detall\u00f3 que los esfuerzos en el Estado, lo permiten colocarse dentro de las Entidades con menor \u00edndice en tasa de desempleo, la cual se mantiene en 3%. <\/p>\n<p>Asimismo, agreg\u00f3 que en cuanto a la poblaci\u00f3n econ\u00f3micamente activa, hay 400 mil personas, de las cuales solo entre 10 a 12 mil personas a\u00fan buscan empleo, es decir, cerca del 3%. <\/p>\n<p>El funcionario Estatal indic\u00f3 que no hay un foco rojo situaciones cr\u00edticas en materia de desempleo en la Entidad, aclarando que Campeche es una de las tres Entidades del Pa\u00eds con menos desempleo. <\/p>\n<p>En cuanto a los despidos programados en PEMEX, se\u00f1al\u00f3 que el Gobierno Federal estar\u00e1 ofreciendo opciones a los desempleados, aunque no detall\u00f3 cuales ser\u00e1n. <\/p>\n<div class='share-to-whatsapp-wrapper'><div class='share-on-whsp'>Share on: <\/div><a data-text='Campeche entre las Entidades con el m\u00e1s bajo \u00edndice de desempleo del Pa\u00eds' data-link='https:\/\/visionpeninsular.com\/mid\/campeche-entre-las-entidades-con-el-mas-bajo-indice-de-desempleo-del-pais\/' class='whatsapp-button whatsapp-share'>WhatsApp<\/a><div class='clear '><\/div><\/div>","protected":false},"excerpt":{"rendered":"<p>Las Pol\u00edticas de desarrollo social y econ\u00f3mico en Campeche han rendido fruto en materia de desempleo, asegur\u00f3 Luis Mena Calder\u00f3n, secretario del Trabajo y Previsi\u00f3n Social. Quien detall\u00f3 que los esfuerzos en el Estado, lo permiten colocarse dentro de las Entidades con menor \u00edndice en tasa de desempleo, la cual se mantiene en 3%. Asimismo, &hellip;<\/p>\n","protected":false},"author":1,"featured_media":837,"comment_status":"open","ping_status":"open","sticky":false,"template":"","format":"standard","meta":{"_mi_skip_tracking":false},"categories":[45],"tags":[81],"_links":{"self":[{"href":"https:\/\/visionpeninsular.com\/mid\/wp-json\/wp\/v2\/posts\/872"}],"collection":[{"href":"https:\/\/visionpeninsular.com\/mid\/wp-json\/wp\/v2\/posts"}],"about":[{"href":"https:\/\/visionpeninsular.com\/mid\/wp-json\/wp\/v2\/types\/post"}],"author":[{"embeddable":true,"href":"https:\/\/visionpeninsular.com\/mid\/wp-json\/wp\/v2\/users\/1"}],"replies":[{"embeddable":true,"href":"https:\/\/visionpeninsular.com\/mid\/wp-json\/wp\/v2\/comments?post=872"}],"version-history":[{"count":1,"href":"https:\/\/visionpeninsular.com\/mid\/wp-json\/wp\/v2\/posts\/872\/revisions"}],"predecessor-version":[{"id":873,"href":"https:\/\/visionpeninsular.com\/mid\/wp-json\/wp\/v2\/posts\/872\/revisions\/873"}],"wp:featuredmedia":[{"embeddable":true,"href":"https:\/\/visionpeninsular.com\/mid\/wp-json\/wp\/v2\/media\/837"}],"wp:attachment":[{"href":"https:\/\/visionpeninsular.com\/mid\/wp-json\/wp\/v2\/media?parent=872"}],"wp:term":[{"taxonomy":"category","embeddable":true,"href":"https:\/\/visionpeninsular.com\/mid\/wp-json\/wp\/v2\/categories?post=872"},{"taxonomy":"post_tag","embeddable":true,"href":"https:\/\/visionpeninsular.com\/mid\/wp-json\/wp\/v2\/tags?post=872"}],"curies":[{"name":"wp","href":"https:\/\/api.w.org\/{rel}","templated":true}]}}