{"id":87189,"date":"2019-06-03T11:43:02","date_gmt":"2019-06-03T16:43:02","guid":{"rendered":"http:\/\/visionpeninsular.com\/mid\/?p=87189"},"modified":"2019-06-03T11:43:15","modified_gmt":"2019-06-03T16:43:15","slug":"rescate-de-fachadas-del-centro-historico-se-mantiene-con-exito","status":"publish","type":"post","link":"https:\/\/visionpeninsular.com\/mid\/rescate-de-fachadas-del-centro-historico-se-mantiene-con-exito\/","title":{"rendered":"Rescate de fachadas del Centro Hist\u00f3rico, se mantiene con \u00e9xito"},"content":{"rendered":"\n<p>El programa de rescate de fachadas, que desde hace m\u00e1s de\ndiez a\u00f1os ejerce el Ayuntamiento de M\u00e9rida, ha intervenido en m\u00e1s de dos mil\npredios para la conservaci\u00f3n del &nbsp;frente\nde las casonas&nbsp; en el Centro Hist\u00f3rico,\nacci\u00f3n que actualmente trabaja en por lo menos cinco m\u00e1s, y que la meta del alcalde\nRen\u00e1n Barrera concha es rescatar un m\u00ednimo de 250 metros cuadrados por mes.<\/p>\n\n\n\n<p>La direcci\u00f3n de Desarrollo Urbano de la Comuna, refiri\u00f3 que\neste programa sigue vigente y var\u00eda de acuerdo a la demanda de los ciudadanos\nque deseen regresar una buena imagen a su predio, por lo que la administraci\u00f3n\nmunicipal inicia de inmediato las gestiones ante el Instituto Nacional de\nAntropolog\u00eda e Historia (INAH).<\/p>\n\n\n\n<p>Federico Sauri Molina, director de la dependencia, explic\u00f3\nque el Centro Hist\u00f3rico de M\u00e9rida es el segundo m\u00e1s grande del pa\u00eds despu\u00e9s de\nla Ciudad de M\u00e9xico, y por ser de competencia federal, el Ayuntamiento coadyuva\ncon las gestiones y los tr\u00e1mites para la autorizaci\u00f3n e intervenci\u00f3n de dichos predios.<\/p>\n\n\n\n<p>Asimismo, se\u00f1al\u00f3 que en el programa de conservaci\u00f3n y\nrescate de fachadas, el solicitante proporciona el material y la Comuna ofrece\nde forma gratuita la mano de obra con los que dijo, ya son especialistas en\neste trabajo.<\/p>\n\n\n\n<p>El funcionario explic\u00f3 que adem\u00e1s colaboran con dicho\ninstituto para vigilar que los comercios que funcionan en el Centro Hist\u00f3rico\nmantengan la imagen que deben tener y que sus permisos est\u00e9n vigentes para no\nincurrir en alguna irregularidad.<\/p>\n\n\n\n<p>Destac\u00f3 que para cumplir con la meta, la Comuna pretende\ncontratar a m\u00e1s especialistas, quienes podr\u00e1n reforzar la labor que realiza la\nsubdirecci\u00f3n de Patrimonio Cultural, a cargo de Laura Mar\u00eda S\u00e1enz Cetina.<\/p>\n<div class='share-to-whatsapp-wrapper'><div class='share-on-whsp'>Share on: <\/div><a data-text='Rescate de fachadas del Centro Hist\u00f3rico, se mantiene con \u00e9xito' data-link='https:\/\/visionpeninsular.com\/mid\/rescate-de-fachadas-del-centro-historico-se-mantiene-con-exito\/' class='whatsapp-button whatsapp-share'>WhatsApp<\/a><div class='clear '><\/div><\/div>","protected":false},"excerpt":{"rendered":"<p>El programa de rescate de fachadas, que desde hace m\u00e1s de diez a\u00f1os ejerce el Ayuntamiento de M\u00e9rida, ha intervenido en m\u00e1s de dos mil predios para la conservaci\u00f3n del &nbsp;frente de las casonas&nbsp; en el Centro Hist\u00f3rico, acci\u00f3n que actualmente trabaja en por lo menos cinco m\u00e1s, y que la meta del alcalde Ren\u00e1n &hellip;<\/p>\n","protected":false},"author":5,"featured_media":87194,"comment_status":"open","ping_status":"open","sticky":false,"template":"","format":"standard","meta":{"_mi_skip_tracking":false},"categories":[50,37],"tags":[2763,3826],"_links":{"self":[{"href":"https:\/\/visionpeninsular.com\/mid\/wp-json\/wp\/v2\/posts\/87189"}],"collection":[{"href":"https:\/\/visionpeninsular.com\/mid\/wp-json\/wp\/v2\/posts"}],"about":[{"href":"https:\/\/visionpeninsular.com\/mid\/wp-json\/wp\/v2\/types\/post"}],"author":[{"embeddable":true,"href":"https:\/\/visionpeninsular.com\/mid\/wp-json\/wp\/v2\/users\/5"}],"replies":[{"embeddable":true,"href":"https:\/\/visionpeninsular.com\/mid\/wp-json\/wp\/v2\/comments?post=87189"}],"version-history":[{"count":1,"href":"https:\/\/visionpeninsular.com\/mid\/wp-json\/wp\/v2\/posts\/87189\/revisions"}],"predecessor-version":[{"id":87195,"href":"https:\/\/visionpeninsular.com\/mid\/wp-json\/wp\/v2\/posts\/87189\/revisions\/87195"}],"wp:featuredmedia":[{"embeddable":true,"href":"https:\/\/visionpeninsular.com\/mid\/wp-json\/wp\/v2\/media\/87194"}],"wp:attachment":[{"href":"https:\/\/visionpeninsular.com\/mid\/wp-json\/wp\/v2\/media?parent=87189"}],"wp:term":[{"taxonomy":"category","embeddable":true,"href":"https:\/\/visionpeninsular.com\/mid\/wp-json\/wp\/v2\/categories?post=87189"},{"taxonomy":"post_tag","embeddable":true,"href":"https:\/\/visionpeninsular.com\/mid\/wp-json\/wp\/v2\/tags?post=87189"}],"curies":[{"name":"wp","href":"https:\/\/api.w.org\/{rel}","templated":true}]}}