{"id":8680,"date":"2016-07-28T09:02:50","date_gmt":"2016-07-28T14:02:50","guid":{"rendered":"http:\/\/visionpeninsular.com\/mid\/?p=8680"},"modified":"2016-07-28T09:02:50","modified_gmt":"2016-07-28T14:02:50","slug":"ayuntamiento-de-merida-cumple-con-informar-avance-de-obras-a-comerciantes-de-la-av-garcia-lavin","status":"publish","type":"post","link":"https:\/\/visionpeninsular.com\/mid\/ayuntamiento-de-merida-cumple-con-informar-avance-de-obras-a-comerciantes-de-la-av-garcia-lavin\/","title":{"rendered":"Ayuntamiento de M\u00e9rida cumple con informar avance de obras a comerciantes de la Av. Garc\u00eda Lav\u00edn"},"content":{"rendered":"<p>El coordinador general de Funcionamiento Urbano del Ayuntamiento de M\u00e9rida, Ing. C\u00e9sar Boj\u00f3rquez Zapata; el director de Obras P\u00fablicas, Ing. Virgilio Crespo M\u00e9ndez, y el subdirector de V\u00edas Terrestres de Obras P\u00fablicas, Ing. David Loria, se reunieron con comerciantes de la Av.  Andr\u00e9s Garc\u00eda Lav\u00edn para presentarles el proyecto de repavimentaci\u00f3n del carril oriente de esa arteria.<\/p>\n<p>Entre los comerciantes asistentes estuvieron Omar Tob\u00edas, de Cocina Omada; Juan Pablo Novelo, de Vainilla y Chocolate, Wadia Abimeri; de La Papeler\u00eda, Josu\u00e9 \u00c1vila, del restaurante BBT y Alberto del R\u00edo del restaurante a Puro Pan. <\/p>\n<p>Durante la Presentaci\u00f3n del programa de los trabajos ya mencionados, los funcionarios municipales explicaron las razones por las cuales se llevar\u00e1 a cabo la repavimentaci\u00f3n, la manera en que se realizaran los trabajos, as\u00ed como la duraci\u00f3n de los mismos que ser\u00e1 de 23 d\u00edas, que iniciaran ma\u00f1ana jueves 28 de julio.<\/p>\n<p>Entre las inquietudes de los asistentes estuvieron el que los trabajos se lleven al cabo de acuerdo a un planeaci\u00f3n y que cuando se cierren las calles se aproveche de manera eficiente todo el tiempo que sea posible, ya que, se\u00f1alaron, han tenido una baja significativa en sus ingresos,  y si no se hacen las cosas bien les representar\u00eda perdidas mayores.<\/p>\n<p>Los comerciantes agradecieron a los funcionarios municipales la informaci\u00f3n proporcionada, ya que, seg\u00fan dijeron, son las primeras autoridades municipales que los toman en cuenta y escuchan sus propuestas antes de realizar obras en la zona.<\/p>\n<p>Cabe recordar que antes de comenzar los trabajos de reparaci\u00f3n de la imagen urbana del Centro Hist\u00f3rico, la direcci\u00f3n de Obras P\u00fablicas sostuvo reuniones con empresarios, agrupaciones sociales y comerciantes para informarles y conocer sus opiniones, como un modo de minimizar las posibles afectaciones que se generan durante la realizaci\u00f3n de las obras.<\/p>\n<div class='share-to-whatsapp-wrapper'><div class='share-on-whsp'>Share on: <\/div><a data-text='Ayuntamiento de M\u00e9rida cumple con informar avance de obras a comerciantes de la Av. Garc\u00eda Lav\u00edn' data-link='https:\/\/visionpeninsular.com\/mid\/ayuntamiento-de-merida-cumple-con-informar-avance-de-obras-a-comerciantes-de-la-av-garcia-lavin\/' class='whatsapp-button whatsapp-share'>WhatsApp<\/a><div class='clear '><\/div><\/div>","protected":false},"excerpt":{"rendered":"<p>El coordinador general de Funcionamiento Urbano del Ayuntamiento de M\u00e9rida, Ing. C\u00e9sar Boj\u00f3rquez Zapata; el director de Obras P\u00fablicas, Ing. Virgilio Crespo M\u00e9ndez, y el subdirector de V\u00edas Terrestres de Obras P\u00fablicas, Ing. David Loria, se reunieron con comerciantes de la Av. Andr\u00e9s Garc\u00eda Lav\u00edn para presentarles el proyecto de repavimentaci\u00f3n del carril oriente de &hellip;<\/p>\n","protected":false},"author":1,"featured_media":8681,"comment_status":"open","ping_status":"open","sticky":false,"template":"","format":"standard","meta":{"_mi_skip_tracking":false},"categories":[49],"tags":[41,1099],"_links":{"self":[{"href":"https:\/\/visionpeninsular.com\/mid\/wp-json\/wp\/v2\/posts\/8680"}],"collection":[{"href":"https:\/\/visionpeninsular.com\/mid\/wp-json\/wp\/v2\/posts"}],"about":[{"href":"https:\/\/visionpeninsular.com\/mid\/wp-json\/wp\/v2\/types\/post"}],"author":[{"embeddable":true,"href":"https:\/\/visionpeninsular.com\/mid\/wp-json\/wp\/v2\/users\/1"}],"replies":[{"embeddable":true,"href":"https:\/\/visionpeninsular.com\/mid\/wp-json\/wp\/v2\/comments?post=8680"}],"version-history":[{"count":1,"href":"https:\/\/visionpeninsular.com\/mid\/wp-json\/wp\/v2\/posts\/8680\/revisions"}],"predecessor-version":[{"id":8682,"href":"https:\/\/visionpeninsular.com\/mid\/wp-json\/wp\/v2\/posts\/8680\/revisions\/8682"}],"wp:featuredmedia":[{"embeddable":true,"href":"https:\/\/visionpeninsular.com\/mid\/wp-json\/wp\/v2\/media\/8681"}],"wp:attachment":[{"href":"https:\/\/visionpeninsular.com\/mid\/wp-json\/wp\/v2\/media?parent=8680"}],"wp:term":[{"taxonomy":"category","embeddable":true,"href":"https:\/\/visionpeninsular.com\/mid\/wp-json\/wp\/v2\/categories?post=8680"},{"taxonomy":"post_tag","embeddable":true,"href":"https:\/\/visionpeninsular.com\/mid\/wp-json\/wp\/v2\/tags?post=8680"}],"curies":[{"name":"wp","href":"https:\/\/api.w.org\/{rel}","templated":true}]}}