{"id":8662,"date":"2016-07-28T08:47:21","date_gmt":"2016-07-28T13:47:21","guid":{"rendered":"http:\/\/visionpeninsular.com\/mid\/?p=8662"},"modified":"2016-07-28T08:47:21","modified_gmt":"2016-07-28T13:47:21","slug":"se-lastimo-el-prestigio-del-inegi-beatriz-zavala","status":"publish","type":"post","link":"https:\/\/visionpeninsular.com\/mid\/se-lastimo-el-prestigio-del-inegi-beatriz-zavala\/","title":{"rendered":"Se lastim\u00f3 el prestigio del INEGI: Beatriz Zavala"},"content":{"rendered":"<p>El d\u00eda de hoy se dio a conocer por informaci\u00f3n emitida de manera conjunta por el CONEVAL y el INEGI que la evaluaci\u00f3n de la pobreza 2015 no ser\u00e1 publicada debido a que no existen criterios de &#8220;comparabilidad&#8221; sobre los \u00edndices del M\u00f3dulo de Condiciones Socioecon\u00f3micas.<\/p>\n<p>Lo anterior, consecuencia de que el Instituto Nacional de Estad\u00edstica y Geograf\u00eda (INEGI) cambiara los criterios con los que realiz\u00f3 su informe ingreso-gasto, cuyos datos hab\u00edan sido la base con la que el Consejo Nacional para la Evaluaci\u00f3n de la Pobreza elaboraba dicho informe en a\u00f1os anteriores.<\/p>\n<p>Al respecto, la diputada local Beatriz Zavala declar\u00f3 que es lamentable que la labor trascendental que realizan ambas instituciones haya sido da\u00f1ada, pues &#8220;no se justifica que los criterios utilizados durante a\u00f1os por el CONEVAL\u2014organismo aut\u00f3nomo, integrado por acad\u00e9micos de reconocido prestigio\u2014hayan sido reemplazado por otros sin justificaci\u00f3n aparente&#8221;.<\/p>\n<p>La legisladora panista lament\u00f3 que \u00e9sta ser\u00e1 la primera ocasi\u00f3n desde el a\u00f1o 2008 en el que no se podr\u00e1 contar con la evaluaci\u00f3n anual sobre pobreza y dijo que esto podr\u00eda tener graves implicaciones para la asignaci\u00f3n de recursos a programas gubernamentales de las entidades federativas, incluido Yucat\u00e1n.<\/p>\n<p>&#8220;Es lamentable que la inversi\u00f3n econ\u00f3mica realizada en la elaboraci\u00f3n de la evaluaci\u00f3n de la pobreza se haya tirado a la basura, pero es m\u00e1s lamentable que el prestigio del INEGI haya salido lastimado por la decisi\u00f3n injustificable de cambiar sus criterios para medir el \u00edndice ingreso-gasto de la poblaci\u00f3n&#8221;, explic\u00f3 Zavala Peniche, quien como Secretaria Federal de Desarrollo Social trabaj\u00f3 para el establecimiento del CONEVAL, y de criterios e instituciones que produjeran datos confiables sobre la pobreza en el pa\u00eds.<\/p>\n<p>En el mes de abril present\u00f3 una iniciativa en el Congreso Local para crear una Ley de Desarrollo Social en el Estado. Zavala coment\u00f3 que sigue a la espera de que su iniciativa sea turnada a comisiones para su an\u00e1lisis.<\/p>\n<div class='share-to-whatsapp-wrapper'><div class='share-on-whsp'>Share on: <\/div><a data-text='Se lastim\u00f3 el prestigio del INEGI: Beatriz Zavala' data-link='https:\/\/visionpeninsular.com\/mid\/se-lastimo-el-prestigio-del-inegi-beatriz-zavala\/' class='whatsapp-button whatsapp-share'>WhatsApp<\/a><div class='clear '><\/div><\/div>","protected":false},"excerpt":{"rendered":"<p>El d\u00eda de hoy se dio a conocer por informaci\u00f3n emitida de manera conjunta por el CONEVAL y el INEGI que la evaluaci\u00f3n de la pobreza 2015 no ser\u00e1 publicada debido a que no existen criterios de &#8220;comparabilidad&#8221; sobre los \u00edndices del M\u00f3dulo de Condiciones Socioecon\u00f3micas. Lo anterior, consecuencia de que el Instituto Nacional de &hellip;<\/p>\n","protected":false},"author":1,"featured_media":8663,"comment_status":"open","ping_status":"open","sticky":false,"template":"","format":"standard","meta":{"_mi_skip_tracking":false},"categories":[50],"tags":[518],"_links":{"self":[{"href":"https:\/\/visionpeninsular.com\/mid\/wp-json\/wp\/v2\/posts\/8662"}],"collection":[{"href":"https:\/\/visionpeninsular.com\/mid\/wp-json\/wp\/v2\/posts"}],"about":[{"href":"https:\/\/visionpeninsular.com\/mid\/wp-json\/wp\/v2\/types\/post"}],"author":[{"embeddable":true,"href":"https:\/\/visionpeninsular.com\/mid\/wp-json\/wp\/v2\/users\/1"}],"replies":[{"embeddable":true,"href":"https:\/\/visionpeninsular.com\/mid\/wp-json\/wp\/v2\/comments?post=8662"}],"version-history":[{"count":1,"href":"https:\/\/visionpeninsular.com\/mid\/wp-json\/wp\/v2\/posts\/8662\/revisions"}],"predecessor-version":[{"id":8664,"href":"https:\/\/visionpeninsular.com\/mid\/wp-json\/wp\/v2\/posts\/8662\/revisions\/8664"}],"wp:featuredmedia":[{"embeddable":true,"href":"https:\/\/visionpeninsular.com\/mid\/wp-json\/wp\/v2\/media\/8663"}],"wp:attachment":[{"href":"https:\/\/visionpeninsular.com\/mid\/wp-json\/wp\/v2\/media?parent=8662"}],"wp:term":[{"taxonomy":"category","embeddable":true,"href":"https:\/\/visionpeninsular.com\/mid\/wp-json\/wp\/v2\/categories?post=8662"},{"taxonomy":"post_tag","embeddable":true,"href":"https:\/\/visionpeninsular.com\/mid\/wp-json\/wp\/v2\/tags?post=8662"}],"curies":[{"name":"wp","href":"https:\/\/api.w.org\/{rel}","templated":true}]}}