{"id":8654,"date":"2016-07-28T08:09:46","date_gmt":"2016-07-28T13:09:46","guid":{"rendered":"http:\/\/visionpeninsular.com\/mid\/?p=8654"},"modified":"2016-07-28T08:09:46","modified_gmt":"2016-07-28T13:09:46","slug":"pide-borge-cambio-de-sede-al-festejo-del-aniversario-de-solidaridad-teme-ser-abucheado-dicen","status":"publish","type":"post","link":"https:\/\/visionpeninsular.com\/mid\/pide-borge-cambio-de-sede-al-festejo-del-aniversario-de-solidaridad-teme-ser-abucheado-dicen\/","title":{"rendered":"Pide Borge cambio de sede al Festejo del Aniversario de Solidaridad &#8211; Teme ser abucheado, dicen"},"content":{"rendered":"<p>Este jueves tendr\u00e1 lugar el 23 Aniversario de la Creaci\u00f3n del Municipio de Solidaridad, considerado el segundo principal destino tur\u00edstico de Quintana Roo, mismo que ser\u00e1 celebrado en una sesi\u00f3n solemne con la presencia de autoridades Estatales y de invitados Especiales como cada a\u00f1os, aunque en esta ocasi\u00f3n se har\u00e1 a puerta cerrada y extremando la seguridad y el acceso controlado. <\/p>\n<p>Esto contrario a la costumbre, que desde hace m\u00e1s de dos d\u00e9cadas los Aniversarios del Municipio se han celebrado en lugares abiertos y con invitaci\u00f3n a todos los ciudadanos, parece m\u00e1s bien una estrategia del mandatario por evitar alg\u00fan reclamo o confrontaci\u00f3n ciudadana. <\/p>\n<p>Cabe mencionar que el Aniversario ser\u00e1 festejado durante la S\u00e9ptima Sesi\u00f3n Solemne, aprobada durante la Sexag\u00e9sima novena sesi\u00f3n ordinaria de Cabildo, donde los regidores determinaron como sede temporal, aunque de manera oficial, el Recinto del Teatro de la Ciudad. <\/p>\n<p>Y es que anteriormente, la Sesi\u00f3n ten\u00eda lugar en la explanada del parque frente al Recinto Municipal en el centro de Playa del Carmen, donde tras el festejo ten\u00eda lugar una verbena popular, sin embargo, se ha rumorado que fue el mandatario quien al confirmar su asistencia a la Sesi\u00f3n Solemne solicit\u00f3 que se le protegiera de posibles abucheos y reclamos de parte de los ciudadanos asistentes.<\/p>\n<div class='share-to-whatsapp-wrapper'><div class='share-on-whsp'>Share on: <\/div><a data-text='Pide Borge cambio de sede al Festejo del Aniversario de Solidaridad - Teme ser abucheado, dicen' data-link='https:\/\/visionpeninsular.com\/mid\/pide-borge-cambio-de-sede-al-festejo-del-aniversario-de-solidaridad-teme-ser-abucheado-dicen\/' class='whatsapp-button whatsapp-share'>WhatsApp<\/a><div class='clear '><\/div><\/div>","protected":false},"excerpt":{"rendered":"<p>Este jueves tendr\u00e1 lugar el 23 Aniversario de la Creaci\u00f3n del Municipio de Solidaridad, considerado el segundo principal destino tur\u00edstico de Quintana Roo, mismo que ser\u00e1 celebrado en una sesi\u00f3n solemne con la presencia de autoridades Estatales y de invitados Especiales como cada a\u00f1os, aunque en esta ocasi\u00f3n se har\u00e1 a puerta cerrada y extremando &hellip;<\/p>\n","protected":false},"author":1,"featured_media":0,"comment_status":"open","ping_status":"open","sticky":false,"template":"","format":"standard","meta":{"_mi_skip_tracking":false},"categories":[47],"tags":[1825,1826],"_links":{"self":[{"href":"https:\/\/visionpeninsular.com\/mid\/wp-json\/wp\/v2\/posts\/8654"}],"collection":[{"href":"https:\/\/visionpeninsular.com\/mid\/wp-json\/wp\/v2\/posts"}],"about":[{"href":"https:\/\/visionpeninsular.com\/mid\/wp-json\/wp\/v2\/types\/post"}],"author":[{"embeddable":true,"href":"https:\/\/visionpeninsular.com\/mid\/wp-json\/wp\/v2\/users\/1"}],"replies":[{"embeddable":true,"href":"https:\/\/visionpeninsular.com\/mid\/wp-json\/wp\/v2\/comments?post=8654"}],"version-history":[{"count":1,"href":"https:\/\/visionpeninsular.com\/mid\/wp-json\/wp\/v2\/posts\/8654\/revisions"}],"predecessor-version":[{"id":8655,"href":"https:\/\/visionpeninsular.com\/mid\/wp-json\/wp\/v2\/posts\/8654\/revisions\/8655"}],"wp:attachment":[{"href":"https:\/\/visionpeninsular.com\/mid\/wp-json\/wp\/v2\/media?parent=8654"}],"wp:term":[{"taxonomy":"category","embeddable":true,"href":"https:\/\/visionpeninsular.com\/mid\/wp-json\/wp\/v2\/categories?post=8654"},{"taxonomy":"post_tag","embeddable":true,"href":"https:\/\/visionpeninsular.com\/mid\/wp-json\/wp\/v2\/tags?post=8654"}],"curies":[{"name":"wp","href":"https:\/\/api.w.org\/{rel}","templated":true}]}}