{"id":85802,"date":"2019-05-25T10:33:40","date_gmt":"2019-05-25T15:33:40","guid":{"rendered":"http:\/\/visionpeninsular.com\/mid\/?p=85802"},"modified":"2019-05-25T10:33:53","modified_gmt":"2019-05-25T15:33:53","slug":"artesanos-meridanos-embajadores-de-la-cultura-local-en-la-semana-de-yucatan-en-mexico","status":"publish","type":"post","link":"https:\/\/visionpeninsular.com\/mid\/artesanos-meridanos-embajadores-de-la-cultura-local-en-la-semana-de-yucatan-en-mexico\/","title":{"rendered":"Artesanos meridanos, embajadores de la cultura local en la Semana de Yucat\u00e1n en M\u00e9xico"},"content":{"rendered":"\n<p>&nbsp;El alcalde Ren\u00e1n\nBarrera Concha participa en la inauguraci\u00f3n del evento en el Palacio de los\nDeportes<\/p>\n\n\n\n<p>La artesan\u00eda meridana, reconocida dentro y fuera del Estado,\nes una de las principales embajadoras culturales de nuestra identidad y con\norgullo est\u00e1 presente en esta Semana de Yucat\u00e1n en M\u00e9xico, afirm\u00f3 el alcalde\nRen\u00e1n Barrera Concha.<\/p>\n\n\n\n<p>Al participar en la ceremonia de inauguraci\u00f3n de la 18\nedici\u00f3n de la Semana de Yucat\u00e1n en M\u00e9xico, que se realiza del 24 de mayo al 2\nde junio en el Palacio de los Deportes de la capital mexicana, el Concejal\nprecis\u00f3 que el municipio meridano participa con un m\u00f3dulo en el que cinco\nartesanos exhiben parte de su producci\u00f3n.<\/p>\n\n\n\n<p>Barrera Concha acompa\u00f1\u00f3 al Gobernador del Estado Mauricio\nVila Dosal en el acto inaugural de la muestra, que tuvo como invitado especial\nal Mtro. Humberto Hern\u00e1ndez Hadas, Subsecretario de Calidad y Regulaci\u00f3n, en\nrepresentaci\u00f3n de la Secretaria Federal de Turismo.<\/p>\n\n\n\n<p>El Presidente Municipal manifest\u00f3 que para M\u00e9rida es de gran\nimportancia participar en este evento, que se ha convertido en el escaparate\nprincipal de la oferta econ\u00f3mica, tur\u00edstica y cultural del Estado.<\/p>\n\n\n\n<p>Reconoci\u00f3 al Gobierno de Yucat\u00e1n por seguir apostando en la\nrealizaci\u00f3n de estos foros de promoci\u00f3n y comercializaci\u00f3n.<\/p>\n\n\n\n<p>Los artesanos que participan por parte del municipio son\nEleodoro Dzul Tun, quien elabora productos en jipijapa; Israel de Jes\u00fas Canto\nLara, madera, piel y cristaler\u00eda; Sergio Salcedo Su\u00e1rez, filigrana; Jos\u00e9\nFrancisco Pist\u00e9 Chi, madera torneada, y Jorge Orlando Bat\u00fan Chi, piedra.<\/p>\n\n\n\n<p>Ren\u00e1n Barrera se\u00f1al\u00f3 que la Semana de Yucat\u00e1n en M\u00e9xico abre\nun abanico de oportunidades de negocios para dar a conocer el trabajo de los\nmeridanos a otros Estados y al mismo tiempo representa&nbsp; un importante escaparate en el plano\ntur\u00edstico para atraer mayor inversi\u00f3n a M\u00e9rida y el Estado.<\/p>\n\n\n\n<p>En ese contexto, remarc\u00f3 que M\u00e9rida es una ciudad que\nencamina sus esfuerzos hacia un futuro seguro, con base en acciones dirigidas\nal medio ambiente y la sustentabilidad, pero, sobre todo, con el esfuerzo\ndiario de su gente por mantener siempre como referencia los valores humanos que\nla caracterizan.<\/p>\n\n\n\n<p>Subray\u00f3 que visitantes nacionales y extranjeros, han hecho\nde la ciudad un punto de referencia obligado para conocer nuestro pa\u00eds al\ndespertar un enorme inter\u00e9s por los atractivos culturales, arqueol\u00f3gicos,\ngastron\u00f3micos y de turismo de naturaleza que ofrece.<\/p>\n\n\n\n<p>\u2014Es precisamente esa gastronom\u00eda de nuestra entidad&nbsp; la que nos impulsa como&nbsp; Ayuntamiento a buscar la distinci\u00f3n de M\u00e9rida\ncomo ciudad creativa ante la UNESCO, en la \u201cestrategia-ciudad\u201d para que pueda\nsumarse a las 180 ciudades de todo el mundo que ya son reconocidas\u2014precis\u00f3. <\/p>\n\n\n\n<p>Al ofrecer datos en materia de turismo, Barrera Concha dijo\nque M\u00e9rida cerr\u00f3 el 2018 con 2 millones 500 mil pasajeros por v\u00eda a\u00e9rea en\ncomparaci\u00f3n con los 2 millones 148 mil 484 que se registraron&nbsp; en el 2017, lo que signific\u00f3 un aumento del\n14% en el n\u00famero de viajeros en relaci\u00f3n a ese mismo periodo.<\/p>\n\n\n\n<p>\u2014Las cifras nos hablan de una M\u00e9rida din\u00e1mica, abierta a la\ninnovaci\u00f3n,&nbsp; que sabe aprovechar los\nespacios y coyunturas de la promoci\u00f3n tur\u00edstica que le permite posicionarse\nentre uno de los destinos m\u00e1s solicitados por el turismo nacional y extranjero\nque busca nuevas experiencias de descanso y nuevos modelos para hacer negocios\no realizar turismo de convenciones\u2014indic\u00f3.<\/p>\n\n\n\n<p>Asever\u00f3&nbsp; que\nactualmente M\u00e9rida se cataloga como una ciudad de moda y prueba de ello es que\nen septiembre volver\u00e1 a posicionarse ante los ojos del mundo al ser la sede\noficial de la Cumbre de los Premios Nobel y en el 2020 del Tianguis Tur\u00edstico\nde M\u00e9xico.<\/p>\n\n\n\n<p>De acuerdo con datos estad\u00edsticos de la Secretaria de Fomento\nTur\u00edstico (SEFOE), el 54.8% de la oferta de servicios tur\u00edsticos que se ofrecen\nen el Estado se concentra en la ciudad de M\u00e9rida (hoteles, restaurantes,\nagencias de viajes, rentadoras de autos) al igual que el 65.5% de la oferta de\ncuartos de hospedaje.<\/p>\n\n\n\n<p>De enero a marzo de este a\u00f1o alrededor de 409 mil 452\nturistas pernoctaron en M\u00e9rida mientras que cerca de 2 millones 500 mil\npasajeros por v\u00eda a\u00e9rea viajaron a M\u00e9rida en 2018 esto es 14% m\u00e1s que en 2017.\nActualmente la ciudad contempla 232 hoteles de distintas categor\u00edas, 186\nagencias de viajes y 280 restaurantes.<\/p>\n\n\n\n<p>En cuanto a conexiones a\u00e9reas, se contabilizan alrededor de\n32 mil 444 asientos disponibles de los cuales 201 son vuelos dom\u00e9sticos\n(nacionales) y 17 internacionales.<\/p>\n\n\n\n<p>En el acto tambi\u00e9n estuvieron como invitados especiales el\nSenador Jorge Carlos Ram\u00edrez y el diputado federal El\u00edas Lixa Abimerih.<\/p>\n\n\n\n<p>Adem\u00e1s, los alcaldes Ferm\u00edn Sosa Lugo, de Izamal y Diego\n\u00c1vila Mar\u00edn, de Tekax, as\u00ed como los titulares de las c\u00e1maras empresariales del\n\u00e1mbito nacional y estatal como Concanaco, Canaco, Canacintra, Canirac y\nCanaive.<\/p>\n<div class='share-to-whatsapp-wrapper'><div class='share-on-whsp'>Share on: <\/div><a data-text='Artesanos meridanos, embajadores de la cultura local en la Semana de Yucat\u00e1n en M\u00e9xico' data-link='https:\/\/visionpeninsular.com\/mid\/artesanos-meridanos-embajadores-de-la-cultura-local-en-la-semana-de-yucatan-en-mexico\/' class='whatsapp-button whatsapp-share'>WhatsApp<\/a><div class='clear '><\/div><\/div>","protected":false},"excerpt":{"rendered":"<p>&nbsp;El alcalde Ren\u00e1n Barrera Concha participa en la inauguraci\u00f3n del evento en el Palacio de los Deportes La artesan\u00eda meridana, reconocida dentro y fuera del Estado, es una de las principales embajadoras culturales de nuestra identidad y con orgullo est\u00e1 presente en esta Semana de Yucat\u00e1n en M\u00e9xico, afirm\u00f3 el alcalde Ren\u00e1n Barrera Concha. Al &hellip;<\/p>\n","protected":false},"author":5,"featured_media":85807,"comment_status":"open","ping_status":"open","sticky":false,"template":"","format":"standard","meta":{"_mi_skip_tracking":false},"categories":[49,37],"tags":[11755,5338,771],"_links":{"self":[{"href":"https:\/\/visionpeninsular.com\/mid\/wp-json\/wp\/v2\/posts\/85802"}],"collection":[{"href":"https:\/\/visionpeninsular.com\/mid\/wp-json\/wp\/v2\/posts"}],"about":[{"href":"https:\/\/visionpeninsular.com\/mid\/wp-json\/wp\/v2\/types\/post"}],"author":[{"embeddable":true,"href":"https:\/\/visionpeninsular.com\/mid\/wp-json\/wp\/v2\/users\/5"}],"replies":[{"embeddable":true,"href":"https:\/\/visionpeninsular.com\/mid\/wp-json\/wp\/v2\/comments?post=85802"}],"version-history":[{"count":1,"href":"https:\/\/visionpeninsular.com\/mid\/wp-json\/wp\/v2\/posts\/85802\/revisions"}],"predecessor-version":[{"id":85808,"href":"https:\/\/visionpeninsular.com\/mid\/wp-json\/wp\/v2\/posts\/85802\/revisions\/85808"}],"wp:featuredmedia":[{"embeddable":true,"href":"https:\/\/visionpeninsular.com\/mid\/wp-json\/wp\/v2\/media\/85807"}],"wp:attachment":[{"href":"https:\/\/visionpeninsular.com\/mid\/wp-json\/wp\/v2\/media?parent=85802"}],"wp:term":[{"taxonomy":"category","embeddable":true,"href":"https:\/\/visionpeninsular.com\/mid\/wp-json\/wp\/v2\/categories?post=85802"},{"taxonomy":"post_tag","embeddable":true,"href":"https:\/\/visionpeninsular.com\/mid\/wp-json\/wp\/v2\/tags?post=85802"}],"curies":[{"name":"wp","href":"https:\/\/api.w.org\/{rel}","templated":true}]}}