{"id":83646,"date":"2019-05-13T08:10:38","date_gmt":"2019-05-13T13:10:38","guid":{"rendered":"http:\/\/visionpeninsular.com\/mid\/?p=83646"},"modified":"2019-05-13T08:10:45","modified_gmt":"2019-05-13T13:10:45","slug":"desploma-avioneta-en-quintana-roo-y-mueren-2-personas-semar-va-zona","status":"publish","type":"post","link":"https:\/\/visionpeninsular.com\/mid\/desploma-avioneta-en-quintana-roo-y-mueren-2-personas-semar-va-zona\/","title":{"rendered":"Desploma avioneta en Quintana Roo y mueren 2 personas, Semar va a zona"},"content":{"rendered":"\n<p>La Fiscal\u00eda General del Estado de <strong>Quintana Roo<\/strong> inici\u00f3 la carpeta correspondiente por\u00a0la muerte de dos personas que viajaban en una <strong>avioneta<\/strong> que se <strong>desplom\u00f3<\/strong> en la zona de<strong> Mahahual<\/strong>. Elementos de la Secretar\u00eda de Marina (<strong>Semar<\/strong>) acudieron al lugar el accidente para las labores correspondientes.\u00a0<\/p>\n\n\n\n<p>En una tarjeta informativa, la dependencia inform\u00f3 que alrededor del medio d\u00eda se accident\u00f3 una<strong> avioneta tipo\u00a0Cessna <\/strong>con matr\u00edcula <strong>XB-OY<\/strong>.<\/p>\n\n\n\n<p>En el parte oficial, las autoridades indicaron que al interior de la aeronave se encontraron identificaciones a nombre\u00a0de Jorge &#8220;N&#8221; y V\u00edctor &#8220;N&#8221;.<\/p>\n\n\n\n<p>La Fiscal\u00eda refiri\u00f3 que los cuerpos fueron trasladados al Servicio M\u00e9dico Forense (<strong>Semefo<\/strong>), donde se espera que\u00a0sean identificados oficialmente por sus familiares.<\/p>\n\n\n\n<p>Se dio a conocer que al lugar del accidente, el kil\u00f3metro 52 de la carretera <strong>Cafetal-Mahahual<\/strong>, acudieron elementos\u00a0del <strong>Ej\u00e9rcito Mexicano<\/strong>, la <strong>Marina<\/strong>,\u00a0 Aeron\u00e1utica Civil y Fiscal\u00eda General de la Rep\u00fablica.<\/p>\n<div class='share-to-whatsapp-wrapper'><div class='share-on-whsp'>Share on: <\/div><a data-text='Desploma avioneta en Quintana Roo y mueren 2 personas, Semar va a zona' data-link='https:\/\/visionpeninsular.com\/mid\/desploma-avioneta-en-quintana-roo-y-mueren-2-personas-semar-va-zona\/' class='whatsapp-button whatsapp-share'>WhatsApp<\/a><div class='clear '><\/div><\/div>","protected":false},"excerpt":{"rendered":"<p>La Fiscal\u00eda General del Estado de Quintana Roo inici\u00f3 la carpeta correspondiente por\u00a0la muerte de dos personas que viajaban en una avioneta que se desplom\u00f3 en la zona de Mahahual. Elementos de la Secretar\u00eda de Marina (Semar) acudieron al lugar el accidente para las labores correspondientes.\u00a0 En una tarjeta informativa, la dependencia inform\u00f3 que alrededor &hellip;<\/p>\n","protected":false},"author":1,"featured_media":83660,"comment_status":"open","ping_status":"open","sticky":false,"template":"","format":"standard","meta":{"_mi_skip_tracking":false},"categories":[48],"tags":[8124],"_links":{"self":[{"href":"https:\/\/visionpeninsular.com\/mid\/wp-json\/wp\/v2\/posts\/83646"}],"collection":[{"href":"https:\/\/visionpeninsular.com\/mid\/wp-json\/wp\/v2\/posts"}],"about":[{"href":"https:\/\/visionpeninsular.com\/mid\/wp-json\/wp\/v2\/types\/post"}],"author":[{"embeddable":true,"href":"https:\/\/visionpeninsular.com\/mid\/wp-json\/wp\/v2\/users\/1"}],"replies":[{"embeddable":true,"href":"https:\/\/visionpeninsular.com\/mid\/wp-json\/wp\/v2\/comments?post=83646"}],"version-history":[{"count":1,"href":"https:\/\/visionpeninsular.com\/mid\/wp-json\/wp\/v2\/posts\/83646\/revisions"}],"predecessor-version":[{"id":83655,"href":"https:\/\/visionpeninsular.com\/mid\/wp-json\/wp\/v2\/posts\/83646\/revisions\/83655"}],"wp:featuredmedia":[{"embeddable":true,"href":"https:\/\/visionpeninsular.com\/mid\/wp-json\/wp\/v2\/media\/83660"}],"wp:attachment":[{"href":"https:\/\/visionpeninsular.com\/mid\/wp-json\/wp\/v2\/media?parent=83646"}],"wp:term":[{"taxonomy":"category","embeddable":true,"href":"https:\/\/visionpeninsular.com\/mid\/wp-json\/wp\/v2\/categories?post=83646"},{"taxonomy":"post_tag","embeddable":true,"href":"https:\/\/visionpeninsular.com\/mid\/wp-json\/wp\/v2\/tags?post=83646"}],"curies":[{"name":"wp","href":"https:\/\/api.w.org\/{rel}","templated":true}]}}