{"id":82229,"date":"2019-05-01T11:32:15","date_gmt":"2019-05-01T16:32:15","guid":{"rendered":"http:\/\/visionpeninsular.com\/mid\/?p=82229"},"modified":"2019-05-01T11:32:22","modified_gmt":"2019-05-01T16:32:22","slug":"alcalde-de-campeche-promete-ciudadanos-que-veran-el-cambio-tras-7-meses-en-el-cargo","status":"publish","type":"post","link":"https:\/\/visionpeninsular.com\/mid\/alcalde-de-campeche-promete-ciudadanos-que-veran-el-cambio-tras-7-meses-en-el-cargo\/","title":{"rendered":"Alcalde de Campeche promete a ciudadanos que ver\u00e1n &#8216;el cambio&#8217;&#8230; tras 7 meses en el cargo"},"content":{"rendered":"\n<p>A partir de la \nsegunda quincena de mayo, el ayuntamiento de Campeche comenzar\u00e1 a \nejercer los recursos para obras municipales, asegur\u00f3 el alcalde, Eliseo \nFern\u00e1ndez Mont\u00fafar. <\/p>\n\n\n\n<p>&#8220;En\n la segunda quincena de mayo espero que todo el tema financiero y todos \nlos procesos de licitaci\u00f3n que se tengan que hacer ya hayan concluido \nexitosamente hablando del tema legal para que ejecutemos nuestro \nrecurso, que todos los trabajadores tengan su uniforme, todos tengan el \nequipamiento que tengan que tener, para que los ciudadanos vean \nrealmente el cambio que est\u00e1n esperando de esta administraci\u00f3n&#8221;, expuso \nen un video difundido en su cuenta de Facebook.<\/p>\n\n\n\n<p>El\n primer edil anunci\u00f3 que si bien ha tenido diferencias con el gobernador\n del estado, abrir\u00e1n el di\u00e1logo para trabajar en conjunto, pero no se \npedir\u00e1n recursos para cumplir promesas de campa\u00f1a.<\/p>\n\n\n\n<p>Adem\u00e1s,\n Fern\u00e1ndez Mont\u00fafar reconoci\u00f3 que el gobierno del estado no puede \nbrindar apoyo econ\u00f3mico a la capital, a pesar de contar con recursos por\n 24 mil millones de pesos, por lo que pedir\u00e1 coordinaci\u00f3n para trabajar \ncon esa instancia.<\/p>\n\n\n\n<p>&#8220;Yo\n no hab\u00eda buscado al gobernador porque tambi\u00e9n estoy consciente de que \nno vamos a tener apoyo econ\u00f3mico del gobierno del estado. (&#8230;) Pero \ntambi\u00e9n hay una justificaci\u00f3n: la ley al d\u00eda de hoy no le permite al \nestado apoyar f\u00e1cilmente a los municipios&#8221;, refiri\u00f3. <\/p>\n\n\n\n<p>&#8220;No le voy a pedir dinero&#8221;.<\/p>\n\n\n\n<p>Fern\u00e1ndez\n Mont\u00fafar inici\u00f3 su administraci\u00f3n el 28 de septiembre de 2018; desde \nentonces se ha mostrado un distanciamiento con el gobernador; hasta \nahora, el edil no ha podido cumplir sus promesas de campa\u00f1a ni ejecutar \nobras municipales.<\/p>\n\n\n\n<p>Por\n otra parte, Moreno, en entrevista, asegur\u00f3 que es positiva la actitud \nde Eliseo Fern\u00e1ndez Mont\u00fafar, y que cuenta con todo el respaldo del \ngobierno del estado, pero el ayuntamiento tendr\u00e1 que hacer su trabajo y \nasumir su responsabilidad.<\/p>\n\n\n\n<p>Moreno\n C\u00e1rdenas aclar\u00f3 que el municipio de Campeche debe cubrir su adeudo con \nla Comisi\u00f3n Federal de Electricidad, pues los recibos que emite esa \ndependencia est\u00e1n a nombre del ayuntamiento y subray\u00f3 que no le compete \nal gobierno del estado asumir el pago de esa deuda.<\/p>\n\n\n\n<p>Por\n separado, el Partido del Trabajo emiti\u00f3 un comunicado de prensa donde \nexpres\u00f3 su optimismo por la pr\u00f3xima reuni\u00f3n que dijo que se llevar\u00e1 al \ncabo entre el alcalde de  Campeche y el gobernador; \u201ces lo que quiere el\n presidente de la Rep\u00fablica, Andr\u00e9s Manuel L\u00f3pez Obrador, trabajar con \nunidad para sacar adelante el pa\u00eds\u201d.<\/p>\n\n\n\n<p>Este fin de semana, nuevamente varios cruces importantes de la ciudad capital se quedaron sin servicio de sem\u00e1foros.<\/p>\n<div class='share-to-whatsapp-wrapper'><div class='share-on-whsp'>Share on: <\/div><a data-text='Alcalde de Campeche promete a ciudadanos que ver\u00e1n 'el cambio'... tras 7 meses en el cargo' data-link='https:\/\/visionpeninsular.com\/mid\/alcalde-de-campeche-promete-ciudadanos-que-veran-el-cambio-tras-7-meses-en-el-cargo\/' class='whatsapp-button whatsapp-share'>WhatsApp<\/a><div class='clear '><\/div><\/div>","protected":false},"excerpt":{"rendered":"<p>A partir de la segunda quincena de mayo, el ayuntamiento de Campeche comenzar\u00e1 a ejercer los recursos para obras municipales, asegur\u00f3 el alcalde, Eliseo Fern\u00e1ndez Mont\u00fafar. &#8220;En la segunda quincena de mayo espero que todo el tema financiero y todos los procesos de licitaci\u00f3n que se tengan que hacer ya hayan concluido exitosamente hablando del &hellip;<\/p>\n","protected":false},"author":1,"featured_media":82234,"comment_status":"open","ping_status":"open","sticky":false,"template":"","format":"standard","meta":{"_mi_skip_tracking":false},"categories":[46],"tags":[2650],"_links":{"self":[{"href":"https:\/\/visionpeninsular.com\/mid\/wp-json\/wp\/v2\/posts\/82229"}],"collection":[{"href":"https:\/\/visionpeninsular.com\/mid\/wp-json\/wp\/v2\/posts"}],"about":[{"href":"https:\/\/visionpeninsular.com\/mid\/wp-json\/wp\/v2\/types\/post"}],"author":[{"embeddable":true,"href":"https:\/\/visionpeninsular.com\/mid\/wp-json\/wp\/v2\/users\/1"}],"replies":[{"embeddable":true,"href":"https:\/\/visionpeninsular.com\/mid\/wp-json\/wp\/v2\/comments?post=82229"}],"version-history":[{"count":1,"href":"https:\/\/visionpeninsular.com\/mid\/wp-json\/wp\/v2\/posts\/82229\/revisions"}],"predecessor-version":[{"id":82235,"href":"https:\/\/visionpeninsular.com\/mid\/wp-json\/wp\/v2\/posts\/82229\/revisions\/82235"}],"wp:featuredmedia":[{"embeddable":true,"href":"https:\/\/visionpeninsular.com\/mid\/wp-json\/wp\/v2\/media\/82234"}],"wp:attachment":[{"href":"https:\/\/visionpeninsular.com\/mid\/wp-json\/wp\/v2\/media?parent=82229"}],"wp:term":[{"taxonomy":"category","embeddable":true,"href":"https:\/\/visionpeninsular.com\/mid\/wp-json\/wp\/v2\/categories?post=82229"},{"taxonomy":"post_tag","embeddable":true,"href":"https:\/\/visionpeninsular.com\/mid\/wp-json\/wp\/v2\/tags?post=82229"}],"curies":[{"name":"wp","href":"https:\/\/api.w.org\/{rel}","templated":true}]}}