{"id":8221,"date":"2016-07-22T08:27:42","date_gmt":"2016-07-22T13:27:42","guid":{"rendered":"http:\/\/visionpeninsular.com\/mid\/?p=8221"},"modified":"2016-07-22T08:29:06","modified_gmt":"2016-07-22T13:29:06","slug":"conflicto-entre-inegi-y-coneval-de-gran-preocupacion-para-el-senado-dicen","status":"publish","type":"post","link":"https:\/\/visionpeninsular.com\/mid\/conflicto-entre-inegi-y-coneval-de-gran-preocupacion-para-el-senado-dicen\/","title":{"rendered":"Conflicto entre INEGI y CONEVAL de gran preocupaci\u00f3n para el Senado, dicen"},"content":{"rendered":"<p>La senadora panista Mariana G\u00f3mez del Campo dijo que el conflicto entre el Instituto Nacional de Estad\u00edstica y Geograf\u00eda (Inegi) y el Consejo Nacional de Evaluaci\u00f3n de la Pol\u00edtica de Desarrollo Social (Coneval),  preocupa seriamente, ya que las dos instituciones requieren tener como pilar de su trabajo la credibilidad.<\/p>\n<p>Al intervenir en tribuna en la sesi\u00f3n de la Comis\u00f3n Permanente, durante la presentaci\u00f3n de un punto de acuerdo de los grupos parlamentarios para citar a comparecer a los titulares de los dos organismos aut\u00f3nomos, indic\u00f3 que \u00e9stos tienen muy serias implicaciones en la vida del pa\u00eds y en la de millones de mexicanos.<\/p>\n<p>\u201cConsideramos de enorme relevancia que acudan ambos titulares a reuniones con la Comisi\u00f3n Permanente, que nos expliquen a cabalidad la motivaci\u00f3n y el impacto de esta situaci\u00f3n\u201d, subray\u00f3.<\/p>\n<p>La senadora del PAN se\u00f1al\u00f3 que este encuentro, que se llevar\u00e1 a cabo la pr\u00f3xima semana, es una muestra de la disposici\u00f3n de los grupos parlamentarios y de la Mesa Directiva de la Comisi\u00f3n Permanente para ayudar a que las dos instancias sigan trabajando a favor de M\u00e9xico.<\/p>\n<p>(Intervenci\u00f3n de la senadora Mariana G\u00f3mez del Campo Gurza, durante la discusi\u00f3n del acuerdo para citar a comparecer a los titulares del Inegi y del Coneval, ante senadores y diputados de la Comisi\u00f3n Permanente)<\/p>\n<p>Gracias Presidente.<\/p>\n<p>El Inegi y el Coneval son organismos aut\u00f3nomos que tienen muy serias implicaciones en la vida del pa\u00eds y en la de millones de mexicanos.<\/p>\n<p>El Inegi se encarga de producir, integrar y dar a conocer informaci\u00f3n estad\u00edstica en materia de econom\u00eda, estad\u00edstica sociodemogr\u00e1fica y geograf\u00eda, y cuya coordinaci\u00f3n con dependencias del gobierno federal es fundamental para el dise\u00f1o de pol\u00edticas p\u00fablicas.<\/p>\n<p>Coneval, por su parte, tiene la responsabilidad de emitir lineamientos y criterios para la definici\u00f3n, identificaci\u00f3n y medici\u00f3n de la pobreza utilizando la informaci\u00f3n que genera el Inegi mediante los indicadores: ingreso corriente per c\u00e1pita, rezago educativo, promedio en el hogar, acceso a los servicios de salud, acceso a la seguridad social, calidad y espacios de la vivienda, acceso a los servicios b\u00e1sicos en la vivienda, acceso a la alimentaci\u00f3n y grado de cohesi\u00f3n social.<\/p>\n<p>La importancia de las mediciones de pobreza radica en que estos datos proveen la visibilidad requerida para combatir la pobreza, adem\u00e1s de que permiten a distintos \u00f3rdenes de gobierno planear y desarrollar estrategias necesarias y mecanismos de intervenci\u00f3n m\u00e1s eficientes orientados a reducir la pobreza que tanto lastima a nuestro pa\u00eds.<\/p>\n<p>El trabajo de Coneval ha sido clave para que la pol\u00edtica social se mida y se eval\u00fae, para que d\u00e9 resultados tambi\u00e9n y los m\u00e1s importante para que a nivel federal deje de ser utilizada como una herramienta electoral o pol\u00edtica.<\/p>\n<p>El conflicto entre estos dos \u00f3rganos nos preocupa seriamente. Ambas instituciones requieren tener, como pilar para su trabajo, la credibilidad. No podemos darnos el lujo de poner a la ligera, en tela de juicio o en duda su desempe\u00f1o sobre todo porque el Inegi provee al pa\u00eds, y a los tomadores de decisiones, de datos clave para combatir el principal problema y reto que enfrentamos, que es la pobreza, la superaci\u00f3n de 55.3 millones de mexicanos que padecen esta dolorosa situaci\u00f3n.<\/p>\n<p>El rol del Coneval ha sido prioritario. Muestra de ello es que hace pocos meses, gracias a su trabajo conocimos que los primeros a\u00f1os de este sexenio el n\u00famero de personas en pobreza se increment\u00f3 en 2 millones de personas, por lo que desde el Congreso se exigi\u00f3 que el gobierno actuara decididamente, replanteando la pol\u00edtica social, fundamentalmente la Cruzada Nacional contra el Hambre.<\/p>\n<p>Como dije hace un momento: nos preocupa que el Coneval haya cuestionado la metodolog\u00eda del Inegi para elaborar las estimaciones de la pobreza en M\u00e9xico. Esto provoc\u00f3 que el levantamiento 2015 se reflejara en un m\u00f3dulo que no es comparable con ejercicios estad\u00edsticos de a\u00f1os anteriores.<\/p>\n<p>Se ha se\u00f1alado que la modificaci\u00f3n que hizo Inegi alter\u00f3 los resultados sobre el ingreso de los hogares que se puede apreciar con los siguientes ejemplos: incremento real del 11.9 por ciento en el ingreso corriente de los hogares a nivel nacional, y m\u00e1s del 30 por ciento en algunas entidades federativas entre 2014 y 2015; se presenta un incremento real de 33.6 por ciento el ingreso en los hogares m\u00e1s pobres en tan s\u00f3lo un a\u00f1o, lo cual no es congruente con la tendencia que se ha venido manifestando en otros periodos.<\/p>\n<p>Desconocemos, incluso, si estos incrementos guarden alguna relaci\u00f3n con el hecho  de que en el a\u00f1o 2015 fue un a\u00f1o electoral y esto impact\u00f3 los resultados. O, como lo han dicho expertos o la misma OCDE: hay una brecha de hasta el 70 por ciento entre los datos obtenidos en las encuestas con los observados en la realidad.<\/p>\n<p>Esto vulnera la solidez de la informaci\u00f3n que sirve de base para decisiones sumamente trascendentes. Consideramos de enorme relevancia que acudan ambos titulares a reuniones con la Comisi\u00f3n Permanente, que nos expliquen a cabalidad la motivaci\u00f3n y el impacto de esta situaci\u00f3n.<\/p>\n<p>Adem\u00e1s, quiero se\u00f1alar que los legisladores del PAN queremos dejar en claro que hay enormes pendientes en esta materia. Uno de ellos es que la emisi\u00f3n de la Ley Org\u00e1nica del Coneval sigue pendiente porque ha faltado voluntad pol\u00edtica.<\/p>\n<p>Hay que decir las cosas como son: ha habido un bloqueo, se ha incumplido con el mandato de un transitorio de la Reforma Pol\u00edtica que fue aprobada en el Congreso hace m\u00e1s de dos a\u00f1os.<\/p>\n<p>Insistimos tambi\u00e9n en que el Presidente de la Rep\u00fablica no debe ser quien nombre al Presidente del Inegi, ya que no debe haber resquicio alguno a la duda sobre la autonom\u00eda, la imparcialidad, la veracidad y la confianza, principios bajo los cuales el Inegi construye su confianza de cara a los mexicanos.<\/p>\n<p>Hay una iniciativa pendiente del senador Juan Carlos Romero Hicks, presidente de la Comisi\u00f3n de Educaci\u00f3n, que espero poder entre todos estarla discutiendo el pr\u00f3ximo periodo ordinario.<\/p>\n<p>Las reuniones que sostendremos la pr\u00f3xima semana son una muestra de la disposici\u00f3n de los grupos parlamentarios, de la disposici\u00f3n de la Mesa Directiva para ayudar de alguna manera y que ambas instituciones sigan trabajando a favor de M\u00e9xico.<\/p>\n<p>Es cuanto, Presidente.<\/p>\n<div class='share-to-whatsapp-wrapper'><div class='share-on-whsp'>Share on: <\/div><a data-text='Conflicto entre INEGI y CONEVAL de gran preocupaci\u00f3n para el Senado, dicen' data-link='https:\/\/visionpeninsular.com\/mid\/conflicto-entre-inegi-y-coneval-de-gran-preocupacion-para-el-senado-dicen\/' class='whatsapp-button whatsapp-share'>WhatsApp<\/a><div class='clear '><\/div><\/div>","protected":false},"excerpt":{"rendered":"<p>La senadora panista Mariana G\u00f3mez del Campo dijo que el conflicto entre el Instituto Nacional de Estad\u00edstica y Geograf\u00eda (Inegi) y el Consejo Nacional de Evaluaci\u00f3n de la Pol\u00edtica de Desarrollo Social (Coneval), preocupa seriamente, ya que las dos instituciones requieren tener como pilar de su trabajo la credibilidad. Al intervenir en tribuna en la &hellip;<\/p>\n","protected":false},"author":1,"featured_media":8223,"comment_status":"open","ping_status":"open","sticky":false,"template":"","format":"standard","meta":{"_mi_skip_tracking":false},"categories":[50],"tags":[1641,1487],"_links":{"self":[{"href":"https:\/\/visionpeninsular.com\/mid\/wp-json\/wp\/v2\/posts\/8221"}],"collection":[{"href":"https:\/\/visionpeninsular.com\/mid\/wp-json\/wp\/v2\/posts"}],"about":[{"href":"https:\/\/visionpeninsular.com\/mid\/wp-json\/wp\/v2\/types\/post"}],"author":[{"embeddable":true,"href":"https:\/\/visionpeninsular.com\/mid\/wp-json\/wp\/v2\/users\/1"}],"replies":[{"embeddable":true,"href":"https:\/\/visionpeninsular.com\/mid\/wp-json\/wp\/v2\/comments?post=8221"}],"version-history":[{"count":1,"href":"https:\/\/visionpeninsular.com\/mid\/wp-json\/wp\/v2\/posts\/8221\/revisions"}],"predecessor-version":[{"id":8222,"href":"https:\/\/visionpeninsular.com\/mid\/wp-json\/wp\/v2\/posts\/8221\/revisions\/8222"}],"wp:featuredmedia":[{"embeddable":true,"href":"https:\/\/visionpeninsular.com\/mid\/wp-json\/wp\/v2\/media\/8223"}],"wp:attachment":[{"href":"https:\/\/visionpeninsular.com\/mid\/wp-json\/wp\/v2\/media?parent=8221"}],"wp:term":[{"taxonomy":"category","embeddable":true,"href":"https:\/\/visionpeninsular.com\/mid\/wp-json\/wp\/v2\/categories?post=8221"},{"taxonomy":"post_tag","embeddable":true,"href":"https:\/\/visionpeninsular.com\/mid\/wp-json\/wp\/v2\/tags?post=8221"}],"curies":[{"name":"wp","href":"https:\/\/api.w.org\/{rel}","templated":true}]}}