{"id":81758,"date":"2019-04-29T07:55:54","date_gmt":"2019-04-29T12:55:54","guid":{"rendered":"http:\/\/visionpeninsular.com\/mid\/?p=81758"},"modified":"2019-04-29T07:56:06","modified_gmt":"2019-04-29T12:56:06","slug":"el-ayuntamiento-de-merida-promueve-y-difunde-los-derechos-humanos-para-empoderar-la-mujer","status":"publish","type":"post","link":"https:\/\/visionpeninsular.com\/mid\/el-ayuntamiento-de-merida-promueve-y-difunde-los-derechos-humanos-para-empoderar-la-mujer\/","title":{"rendered":"El Ayuntamiento de M\u00e9rida promueve y difunde los derechos humanos para empoderar a la mujer"},"content":{"rendered":"\n<p><em>La conferencia \u201cVisita guiada: conociendo tus derechos y c\u00f3mo hacerlos valer\u201d se realizar\u00e1 hoy\u00a0 lunes 29 de abril<\/em><\/p>\n\n\n\n<p>Promover y difundir los derechos humanos, as\u00ed como conocer a\nqu\u00e9 instituciones acudir para hacerlos valer es uno de los objetivos de la\nadministraci\u00f3n que encabeza Ren\u00e1n Barrera Concha, a fin de que los ciudadanos,\ny en especial las mujeres, est\u00e9n informados y sepan c\u00f3mo actuar en caso\nnecesario.<\/p>\n\n\n\n<p>Por lo anterior y a trav\u00e9s del Instituto Municipal de la\nMujer, se ofreci\u00f3 la actividad \u201cVisita guiada: conociendo tus derechos y c\u00f3mo\nhacerlos valer\u201d, dirigida a las mujeres adultas del municipio.<\/p>\n\n\n\n<p>La actividad, que se realizar\u00e1 el pr\u00f3ximo lunes, se realiza\nen coordinaci\u00f3n con la Casa de la Cultura Jur\u00eddica de la Suprema Corte de\nJusticia de la Naci\u00f3n \u201cMinistro Rafael Matos Escobedo\u201d, de M\u00e9rida.<\/p>\n\n\n\n<p>El objetivo de la actividad es difundir el quehacer del\nPoder Judicial de la Federaci\u00f3n, en especial de la Suprema Corte de Justicia de\nla Naci\u00f3n, lo que permitir\u00e1 reforzar, ampliar y conocer las acciones\nespec\u00edficas con objetivos alcanzables en el corto y en el mediano plazo a favor\nde los derechos humanos de las mujeres.<\/p>\n\n\n\n<p>Fabiola Garc\u00eda Maga\u00f1a, directora del Instituto Municipal de\nla Mujer, indic\u00f3 que la actividad incluye una pl\u00e1tica sobre los Derechos\nHumanos de las mujeres, a fin de contribuir a generar las&nbsp;&nbsp; condiciones indispensables para que puedan\nvivir dignamente en un entorno de libertad, justicia y paz.<\/p>\n\n\n\n<p>Destac\u00f3 que para ello es indispensable que toda autoridad\ndesde el \u00e1mbito de su competencia promueva y difunda a la poblaci\u00f3n, todos y\ncada uno de sus derechos, y agreg\u00f3 que por ello, el Ayuntamiento de M\u00e9rida\ntrabaja de manera transversal con diversas instituciones tanto estatales como\nfederales en beneficio de toda la poblaci\u00f3n.<\/p>\n\n\n\n<p>\u2014Estamos abriendo una puerta m\u00e1s para el desarrollo y\nbienestar de nuestros habitantes de M\u00e9rida, pero principalmente para las\nmujeres\u2014continu\u00f3.<\/p>\n\n\n\n<p>\u2014Con estas acciones el alcalde Ren\u00e1n Barrera, fortalece el\nrespeto a estas garant\u00edas de las mujeres, que se traducen en un compromiso real\ny una pr\u00e1ctica diaria, a fin de empoderarlas\u2014agreg\u00f3.<\/p>\n\n\n\n<p>La conferencia ser\u00e1 impartida hoy lunes 29, de 11 a 13\nhoras, por la Licda. Dulce Mar\u00eda Sosa Medina, de la Casa de la Cultura\nJur\u00eddica, y se abordar\u00e1n los temas de proyecto de la Casas de la Cultura\nJur\u00eddica, la constituci\u00f3n como eje rector de los Derechos Humanos, la \u2028evoluci\u00f3n de los Derechos Humanos, la organizaci\u00f3n pol\u00edtica del Estado\nmexicano, estructura y atribuciones del Poder Judicial de la \u2028Federaci\u00f3n y los medios de defensa de los Derechos Humanos a trav\u00e9s del Juicio de Amparo como parte del acceso a la justicia, as\u00ed como dar a conocer los servicios que ofrecen las Casas De\nCultura Jur\u00eddica.<\/p>\n\n\n\n<p>Las interesadas podr\u00e1n asistir este lunes 29 de abril a las\ninstalaciones de la sede central del Instituto de la Mujer, ubicado en la calle\n50 por 71 No.550-A, barrio de San Crist\u00f3bal, a las 11:00 horas. El cupo es para\n30 mujeres.<\/p>\n\n\n\n<p>Cabe se\u00f1alar que la Casa de la Cultura Jur\u00eddica llev\u00f3 a cabo\ndos pl\u00e1ticas previas, dirigidas al personal del Instituto Municipal de la\nMujer, con el fin de mantener una actualizaci\u00f3n sobre dichos temas y de esta\nmanera mantener un excelente nivel de servicio usuarias del Instituto de la\nMujer.<\/p>\n\n\n\n<p>Las Casas de la Cultura Jur\u00eddica son el v\u00ednculo de la\nSuprema Corte de Justicia de la Naci\u00f3n con la sociedad, generando, promoviendo\ny difundiendo una nueva cultura jur\u00eddica, a trav\u00e9s de m\u00faltiples actividades de\nactualizaci\u00f3n y diversos servicios, con el prop\u00f3sito de fortalecer el Estado\nConstitucional de Derecho, que tiene como ejes rectores a la Constituci\u00f3n, sus\nprincipios, el respeto a los Derechos Humanos y el acceso a la justicia.<\/p>\n<div class='share-to-whatsapp-wrapper'><div class='share-on-whsp'>Share on: <\/div><a data-text='El Ayuntamiento de M\u00e9rida promueve y difunde los derechos humanos para empoderar a la mujer' data-link='https:\/\/visionpeninsular.com\/mid\/el-ayuntamiento-de-merida-promueve-y-difunde-los-derechos-humanos-para-empoderar-la-mujer\/' class='whatsapp-button whatsapp-share'>WhatsApp<\/a><div class='clear '><\/div><\/div>","protected":false},"excerpt":{"rendered":"<p>La conferencia \u201cVisita guiada: conociendo tus derechos y c\u00f3mo hacerlos valer\u201d se realizar\u00e1 hoy\u00a0 lunes 29 de abril Promover y difundir los derechos humanos, as\u00ed como conocer a qu\u00e9 instituciones acudir para hacerlos valer es uno de los objetivos de la administraci\u00f3n que encabeza Ren\u00e1n Barrera Concha, a fin de que los ciudadanos, y en &hellip;<\/p>\n","protected":false},"author":5,"featured_media":81763,"comment_status":"open","ping_status":"open","sticky":false,"template":"","format":"standard","meta":{"_mi_skip_tracking":false},"categories":[50,37],"tags":[11114,7306,5338],"_links":{"self":[{"href":"https:\/\/visionpeninsular.com\/mid\/wp-json\/wp\/v2\/posts\/81758"}],"collection":[{"href":"https:\/\/visionpeninsular.com\/mid\/wp-json\/wp\/v2\/posts"}],"about":[{"href":"https:\/\/visionpeninsular.com\/mid\/wp-json\/wp\/v2\/types\/post"}],"author":[{"embeddable":true,"href":"https:\/\/visionpeninsular.com\/mid\/wp-json\/wp\/v2\/users\/5"}],"replies":[{"embeddable":true,"href":"https:\/\/visionpeninsular.com\/mid\/wp-json\/wp\/v2\/comments?post=81758"}],"version-history":[{"count":1,"href":"https:\/\/visionpeninsular.com\/mid\/wp-json\/wp\/v2\/posts\/81758\/revisions"}],"predecessor-version":[{"id":81764,"href":"https:\/\/visionpeninsular.com\/mid\/wp-json\/wp\/v2\/posts\/81758\/revisions\/81764"}],"wp:featuredmedia":[{"embeddable":true,"href":"https:\/\/visionpeninsular.com\/mid\/wp-json\/wp\/v2\/media\/81763"}],"wp:attachment":[{"href":"https:\/\/visionpeninsular.com\/mid\/wp-json\/wp\/v2\/media?parent=81758"}],"wp:term":[{"taxonomy":"category","embeddable":true,"href":"https:\/\/visionpeninsular.com\/mid\/wp-json\/wp\/v2\/categories?post=81758"},{"taxonomy":"post_tag","embeddable":true,"href":"https:\/\/visionpeninsular.com\/mid\/wp-json\/wp\/v2\/tags?post=81758"}],"curies":[{"name":"wp","href":"https:\/\/api.w.org\/{rel}","templated":true}]}}