{"id":8120,"date":"2016-07-21T07:41:06","date_gmt":"2016-07-21T12:41:06","guid":{"rendered":"http:\/\/visionpeninsular.com\/mid\/?p=8120"},"modified":"2016-07-21T07:41:06","modified_gmt":"2016-07-21T12:41:06","slug":"esperan-romper-record-en-captacion-turistica-en-quintana-roo-este-verano-dicen","status":"publish","type":"post","link":"https:\/\/visionpeninsular.com\/mid\/esperan-romper-record-en-captacion-turistica-en-quintana-roo-este-verano-dicen\/","title":{"rendered":"Esperan romper r\u00e9cord en Captaci\u00f3n Tur\u00edstica en Quintana Roo este verano, dicen"},"content":{"rendered":"<p>De acuerdo a Ra\u00fal Andrade Angulo, Secretario Estatal de Turismo en Quintana Roo, indic\u00f3 que todo parece indicar que por quinto verano consecutivo se romper\u00e1n todas las expectativas en captaci\u00f3n de turistas. <\/p>\n<p>Y es que tan s\u00f3lo en los primeros d\u00edas oficiales del verano, 15 al 17 de julio, los \u00edndices ocupacionales en los principales destinos fueron m\u00e1s all\u00e1 de las expectativas, por ejemplo Canc\u00fan reporto un 91.6%; Riviera Maya el 90.2%; Isla Mujeres un 57.10%, y destinos como Cozumel, Bacalar, Mahahual y Chetumal tambi\u00e9n superan las expectativas. <\/p>\n<p>En este sentido, se espera que la promoci\u00f3n emprendida de estos destinos permita que en esta temporada veraniega se registren hasta un 100% de ocupaci\u00f3n en algunos destinos, como Canc\u00fan y Riviera Maya. <\/p>\n<p>Andrade Angulo, se\u00f1al\u00f3 que el \u00e9xito alcanzado se debe en gran parte a la apertura de 81 nuevas rutas con 268 nuevas frecuencias en la conectividad a\u00e9rea, incluida la nueva ruta Canc\u00fan-New York. <\/p>\n<p>Y es que de acuerdo a las estad\u00edsticas, de los viajeros que arriban a Canc\u00fan, un 72.1% proviene de EUA con Ciudades Emisoras tales como Texas, California, Illinois, Florida, New York, y Georgia. <\/p>\n<div class='share-to-whatsapp-wrapper'><div class='share-on-whsp'>Share on: <\/div><a data-text='Esperan romper r\u00e9cord en Captaci\u00f3n Tur\u00edstica en Quintana Roo este verano, dicen' data-link='https:\/\/visionpeninsular.com\/mid\/esperan-romper-record-en-captacion-turistica-en-quintana-roo-este-verano-dicen\/' class='whatsapp-button whatsapp-share'>WhatsApp<\/a><div class='clear '><\/div><\/div>","protected":false},"excerpt":{"rendered":"<p>De acuerdo a Ra\u00fal Andrade Angulo, Secretario Estatal de Turismo en Quintana Roo, indic\u00f3 que todo parece indicar que por quinto verano consecutivo se romper\u00e1n todas las expectativas en captaci\u00f3n de turistas. Y es que tan s\u00f3lo en los primeros d\u00edas oficiales del verano, 15 al 17 de julio, los \u00edndices ocupacionales en los principales &hellip;<\/p>\n","protected":false},"author":1,"featured_media":7871,"comment_status":"open","ping_status":"open","sticky":false,"template":"","format":"standard","meta":{"_mi_skip_tracking":false},"categories":[48],"tags":[77,1558],"_links":{"self":[{"href":"https:\/\/visionpeninsular.com\/mid\/wp-json\/wp\/v2\/posts\/8120"}],"collection":[{"href":"https:\/\/visionpeninsular.com\/mid\/wp-json\/wp\/v2\/posts"}],"about":[{"href":"https:\/\/visionpeninsular.com\/mid\/wp-json\/wp\/v2\/types\/post"}],"author":[{"embeddable":true,"href":"https:\/\/visionpeninsular.com\/mid\/wp-json\/wp\/v2\/users\/1"}],"replies":[{"embeddable":true,"href":"https:\/\/visionpeninsular.com\/mid\/wp-json\/wp\/v2\/comments?post=8120"}],"version-history":[{"count":1,"href":"https:\/\/visionpeninsular.com\/mid\/wp-json\/wp\/v2\/posts\/8120\/revisions"}],"predecessor-version":[{"id":8121,"href":"https:\/\/visionpeninsular.com\/mid\/wp-json\/wp\/v2\/posts\/8120\/revisions\/8121"}],"wp:featuredmedia":[{"embeddable":true,"href":"https:\/\/visionpeninsular.com\/mid\/wp-json\/wp\/v2\/media\/7871"}],"wp:attachment":[{"href":"https:\/\/visionpeninsular.com\/mid\/wp-json\/wp\/v2\/media?parent=8120"}],"wp:term":[{"taxonomy":"category","embeddable":true,"href":"https:\/\/visionpeninsular.com\/mid\/wp-json\/wp\/v2\/categories?post=8120"},{"taxonomy":"post_tag","embeddable":true,"href":"https:\/\/visionpeninsular.com\/mid\/wp-json\/wp\/v2\/tags?post=8120"}],"curies":[{"name":"wp","href":"https:\/\/api.w.org\/{rel}","templated":true}]}}